{"id":12717,"date":"2022-08-31T14:17:32","date_gmt":"2022-08-31T14:17:32","guid":{"rendered":"http:\/\/lahora.mx\/?p=12717"},"modified":"2022-08-31T14:17:32","modified_gmt":"2022-08-31T14:17:32","slug":"desde-hace-mas-de-5-meses-que-alcalde-de-amixtlan-sufre-derrame-cerebral-y-nadie-lo-ha-suplido","status":"publish","type":"post","link":"https:\/\/lahora.mx\/index.php\/2022\/08\/31\/desde-hace-mas-de-5-meses-que-alcalde-de-amixtlan-sufre-derrame-cerebral-y-nadie-lo-ha-suplido\/","title":{"rendered":"Desde hace m\u00e1s de 5 meses que alcalde de Amixtl\u00e1n sufre derrame cerebral y nadie lo ha suplido"},"content":{"rendered":"\n<p>Amixtl\u00e1n, Pue. A causa de un derrame cerebral, el presidente municipal de Amixtl\u00e1n, Perfecto Baz\u00e1n Galindo, se ausent\u00f3 de la presidencia municipal desde el pasado 16 de marzo, sin que hasta la fecha el cargo haya sido asumido por el suplente, revelaron pobladores de este municipio enclavado en la sierra norte del estado.<\/p>\n\n\n\n<p>Mediante una tarjeta informativa, fechado el pasado 14 de agosto y dirigida a la Secretar\u00eda de Gobernaci\u00f3n, entre otras instancias, se dio a conocer el temor de la ciudadan\u00eda de que la firma del edil est\u00e9 siendo falsificada para asuntos oficiales.<br><\/p>\n\n\n\n<p>\u00abDesde entonces (16 de marzo) no se tiene conocimiento de su regreso al municipio, realizando de manera virtual tres sesiones de cabildo, donde su participaci\u00f3n ha sido de manera virtual\u00bb, se lee en el documento.<\/p>\n\n\n\n<p>Varios municipios sufrieron afectaciones tras lluvia y vendabal que azotaron a Puebla<\/p>\n\n\n\n<p>Para los firmantes del documento, la ausencia del edil significa dejar a la demarcaci\u00f3n en estado de vulnerabilidad e ingobernabilidad, ya que la alcald\u00eda ha quedado a cargo de la presidenta del sistema DIF municipal, Mar\u00eda Delfina Baz\u00e1n P\u00e9rez.<\/p>\n\n\n\n<p>As\u00ed, los ciudadanos se organizaron y recabaron 500 firmas que entregaron a la Secretar\u00eda de Gobernaci\u00f3n, a la Direcci\u00f3n General de Gobierno, adem\u00e1s de la Secretar\u00eda de la Funci\u00f3n P\u00fablica, la Auditor\u00eda Superior del Estado y la Secretar\u00eda de Salud, entre otras dependencias.<\/p>\n\n\n\n<p>Se\u00f1alan que, desde hace cinco meses no se han tomado las medidas que la Ley Org\u00e1nica Municipal establece, para que se supla en su ausencia.<\/p>\n\n\n\n<p>Incluso acusaron que hay documentos presentados por el ayuntamiento en que las firmas utilizadas al parecer no son las mismas y para ello cotejaron la constancia que recibi\u00f3 por parte del Instituto Estatal Electoral (IEE) y otro documento firmado por el edil, los cuales no presentan la misma r\u00fabrica, aun cuando el sello y la papeler\u00eda son oficiales.<\/p>\n\n\n\n<p>La fuente apunt\u00f3 en que la semana pasada se observ\u00f3 al alcalde andando de pie, a\u00fan con una notoria decadencia en su salud. Oficialmente, el Ayuntamiento de Amixtl\u00e1n no ha fijado postura en torno a la salud del mun\u00edcipe ni sobre las medidas que ha tomado desde su ausencia.<\/p>\n","protected":false},"excerpt":{"rendered":"<p>Amixtl\u00e1n, Pue. A causa de un derrame cerebral, el presidente municipal de Amixtl\u00e1n, Perfecto Baz\u00e1n Galindo, se ausent\u00f3 de la presidencia municipal desde el pasado 16 de marzo, sin que hasta la fecha el cargo haya sido asumido por el suplente, revelaron pobladores de este municipio enclavado en la sierra norte del estado. Mediante una [&hellip;]<\/p>\n","protected":false},"author":4,"featured_media":12718,"comment_status":"open","ping_status":"open","sticky":false,"template":"","format":"standard","meta":{"om_disable_all_campaigns":false,"_monsterinsights_skip_tracking":false,"_monsterinsights_sitenote_active":false,"_monsterinsights_sitenote_note":"","_monsterinsights_sitenote_category":0,"footnotes":""},"categories":[175],"tags":[223],"class_list":["post-12717","post","type-post","status-publish","format-standard","has-post-thumbnail","hentry","category-local","tag-puebla"],"amp_enabled":true,"_links":{"self":[{"href":"https:\/\/lahora.mx\/index.php\/wp-json\/wp\/v2\/posts\/12717","targetHints":{"allow":["GET"]}}],"collection":[{"href":"https:\/\/lahora.mx\/index.php\/wp-json\/wp\/v2\/posts"}],"about":[{"href":"https:\/\/lahora.mx\/index.php\/wp-json\/wp\/v2\/types\/post"}],"author":[{"embeddable":true,"href":"https:\/\/lahora.mx\/index.php\/wp-json\/wp\/v2\/users\/4"}],"replies":[{"embeddable":true,"href":"https:\/\/lahora.mx\/index.php\/wp-json\/wp\/v2\/comments?post=12717"}],"version-history":[{"count":1,"href":"https:\/\/lahora.mx\/index.php\/wp-json\/wp\/v2\/posts\/12717\/revisions"}],"predecessor-version":[{"id":12719,"href":"https:\/\/lahora.mx\/index.php\/wp-json\/wp\/v2\/posts\/12717\/revisions\/12719"}],"wp:featuredmedia":[{"embeddable":true,"href":"https:\/\/lahora.mx\/index.php\/wp-json\/wp\/v2\/media\/12718"}],"wp:attachment":[{"href":"https:\/\/lahora.mx\/index.php\/wp-json\/wp\/v2\/media?parent=12717"}],"wp:term":[{"taxonomy":"category","embeddable":true,"href":"https:\/\/lahora.mx\/index.php\/wp-json\/wp\/v2\/categories?post=12717"},{"taxonomy":"post_tag","embeddable":true,"href":"https:\/\/lahora.mx\/index.php\/wp-json\/wp\/v2\/tags?post=12717"}],"curies":[{"name":"wp","href":"https:\/\/api.w.org\/{rel}","templated":true}]}}