{"id":12714,"date":"2022-08-31T13:53:30","date_gmt":"2022-08-31T13:53:30","guid":{"rendered":"http:\/\/lahora.mx\/?p=12714"},"modified":"2022-08-31T13:53:30","modified_gmt":"2022-08-31T13:53:30","slug":"esta-madrugada-inicio-la-consulta-en-volkswagen-para-aprobar-o-rechazar-el-convenio-salarial","status":"publish","type":"post","link":"https:\/\/lahora.mx\/index.php\/2022\/08\/31\/esta-madrugada-inicio-la-consulta-en-volkswagen-para-aprobar-o-rechazar-el-convenio-salarial\/","title":{"rendered":"Esta madrugada inicio la consulta en Volkswagen para aprobar o rechazar el convenio salarial"},"content":{"rendered":"\n<p>Este mi\u00e9rcoles 31 de agosto, a la 1:30 de la ma\u00f1ana, dio inicio la consulta en la armadora Volkswagen para aprobar o rechazar el convenio salarial y contractual 2022, que consiste en un incremento del 9 por ciento directo al sueldo de los trabajadores y 2 por ciento en prestaciones.<\/p>\n\n\n\n<p>De acuerdo con la log\u00edstica que program\u00f3 el sindicato de la armadora, el proceso de votaci\u00f3n se est\u00e1 llevando a cabo a un costado de la pista de pruebas que est\u00e1 al interior de la f\u00e1brica ubicada en Cuautlancingo, y se espera que termine en punto de las 21:00 horas.<br>A fin de que los 6 mil 867 empleados sindicalizados puedan presentarse a emitir su sufragio en el transcurso del d\u00eda, se generaron una serie de estrategias para lograr su participaci\u00f3n.<br><br>En cuanto al personal que labora este d\u00eda, se mencion\u00f3 que podr\u00e1n parar la producci\u00f3n en horarios espec\u00edficos de cada uno de los tres turnos para que puedan votar.<\/p>\n\n\n\n<p>En el tercer turno, el tiempo de votaci\u00f3n es de 1:30 de la ma\u00f1ana a las 3:00 de la ma\u00f1ana; en el primero, de 6:00 de la ma\u00f1ana a las 8:00 de la ma\u00f1ana, y en el segundo, de 15:00 horas a las 16:30 horas.<\/p>\n\n\n\n<p>Para todos aquellos empleados que descansan este 31 de agosto o que se encuentran de incapacidad, pueden votar desde la 1:30 de la ma\u00f1ana hasta las 21:00 horas.<\/p>\n\n\n\n<p>Durante todo el proceso, estar\u00e1 presente el personal verificador designado por el Centro Federal de Conciliaci\u00f3n y Registro Laboral (CFCRL), quienes se encargar\u00e1n de vigilar que el proceso se lleve a cabo en t\u00e9rminos de la ley.<\/p>\n\n\n\n<p>Cabe recordar que la votaci\u00f3n de este mi\u00e9rcoles fue ordenada por la instituci\u00f3n laboral antes mencionada, tras anular la consulta del pasado 5 de agosto al no haber participado la mayor\u00eda de la base trabajadora.<\/p>\n\n\n\n<p>En la primera consulta, 2 mil 586 empleados votaron en contra del convenio salarial y 2 mil 248 a favor; sin embargo, la ley establece que m\u00ednimo deben ser 3 mil 434 personas que deben votar a favor o en contra del convenio.<\/p>\n\n\n\n<p>Es relevante comentar que si este mi\u00e9rcoles el convenio es rechazado, solo habr\u00e1 dos caminos a seguir. El primero es que empresa y sindicato vuelvan a negociar un aumento salarial y contractual, o de lo contario, estallar\u00eda una huelga el pr\u00f3ximo 9 de septiembre a las 11:00 horas, la cual detendr\u00eda la producci\u00f3n de autos en Volkswagen.<\/p>\n","protected":false},"excerpt":{"rendered":"<p>Este mi\u00e9rcoles 31 de agosto, a la 1:30 de la ma\u00f1ana, dio inicio la consulta en la armadora Volkswagen para aprobar o rechazar el convenio salarial y contractual 2022, que consiste en un incremento del 9 por ciento directo al sueldo de los trabajadores y 2 por ciento en prestaciones. De acuerdo con la log\u00edstica [&hellip;]<\/p>\n","protected":false},"author":4,"featured_media":12715,"comment_status":"open","ping_status":"open","sticky":false,"template":"","format":"standard","meta":{"om_disable_all_campaigns":false,"_monsterinsights_skip_tracking":false,"_monsterinsights_sitenote_active":false,"_monsterinsights_sitenote_note":"","_monsterinsights_sitenote_category":0,"footnotes":""},"categories":[175],"tags":[195,223],"class_list":["post-12714","post","type-post","status-publish","format-standard","has-post-thumbnail","hentry","category-local","tag-principal","tag-puebla"],"amp_enabled":true,"_links":{"self":[{"href":"https:\/\/lahora.mx\/index.php\/wp-json\/wp\/v2\/posts\/12714","targetHints":{"allow":["GET"]}}],"collection":[{"href":"https:\/\/lahora.mx\/index.php\/wp-json\/wp\/v2\/posts"}],"about":[{"href":"https:\/\/lahora.mx\/index.php\/wp-json\/wp\/v2\/types\/post"}],"author":[{"embeddable":true,"href":"https:\/\/lahora.mx\/index.php\/wp-json\/wp\/v2\/users\/4"}],"replies":[{"embeddable":true,"href":"https:\/\/lahora.mx\/index.php\/wp-json\/wp\/v2\/comments?post=12714"}],"version-history":[{"count":1,"href":"https:\/\/lahora.mx\/index.php\/wp-json\/wp\/v2\/posts\/12714\/revisions"}],"predecessor-version":[{"id":12716,"href":"https:\/\/lahora.mx\/index.php\/wp-json\/wp\/v2\/posts\/12714\/revisions\/12716"}],"wp:featuredmedia":[{"embeddable":true,"href":"https:\/\/lahora.mx\/index.php\/wp-json\/wp\/v2\/media\/12715"}],"wp:attachment":[{"href":"https:\/\/lahora.mx\/index.php\/wp-json\/wp\/v2\/media?parent=12714"}],"wp:term":[{"taxonomy":"category","embeddable":true,"href":"https:\/\/lahora.mx\/index.php\/wp-json\/wp\/v2\/categories?post=12714"},{"taxonomy":"post_tag","embeddable":true,"href":"https:\/\/lahora.mx\/index.php\/wp-json\/wp\/v2\/tags?post=12714"}],"curies":[{"name":"wp","href":"https:\/\/api.w.org\/{rel}","templated":true}]}}