{"id":12710,"date":"2022-08-31T03:35:56","date_gmt":"2022-08-31T03:35:56","guid":{"rendered":"http:\/\/lahora.mx\/?p=12710"},"modified":"2022-08-31T03:35:57","modified_gmt":"2022-08-31T03:35:57","slug":"registra-55-nuevas-muertes-y-6223-contagios-por-covid-19-en-las-ultimas-24-horas-en-mexico","status":"publish","type":"post","link":"https:\/\/lahora.mx\/index.php\/2022\/08\/31\/registra-55-nuevas-muertes-y-6223-contagios-por-covid-19-en-las-ultimas-24-horas-en-mexico\/","title":{"rendered":"registra 55 nuevas muertes y 6,223 contagios por covid-19 en las \u00faltimas 24 horas en M\u00e9xico"},"content":{"rendered":"\n<p>La cifra oficial de fallecimientos a causa de la Covid-19 desde que inici\u00f3 la pandemia en M\u00e9xico se increment\u00f3 a 329,456, luego de que este 30 de agosto la Secretar\u00eda de Salud notific\u00f3 55 nuevas defunciones en las \u00faltimas 24 horas.<\/p>\n\n\n\n<p>El Informe T\u00e9cnico Diario sobre el progreso de la epidemia del coronavirus SARS-CoV-2 en el pa\u00eds report\u00f3 6,223 nuevos contagios confirmados de esta enfermedad, por lo que el acumulado de casos ascendi\u00f3 a 7 millones 21,598.<br>Las autoridades de salud detallaron que del 17 al 30 de agosto se registraron 26,084 casos activos, es decir, personas que presentaron s\u00edntomas de la Covid-19 en los \u00faltimos 14 d\u00edas.<br>Baja California Sur, la Ciudad de M\u00e9xico y San Luis Potos\u00ed se mantienen como las tres entidades con la mayor tasa de casos activos de Covid-19 por cada 100,000 habitantes, seg\u00fan datos de la Secretar\u00eda de Salud.<br>El subsecretario de Prevenci\u00f3n y Promoci\u00f3n de la Salud, Hugo L\u00f3pez-Gatell destac\u00f3 este martes que el pa\u00eds sum\u00f3 siete semanas de reducci\u00f3n consecutiva en los principales indicadores sobre la pandemia de Covid-19, lo podr\u00eda marcar la salida de la quinta ola de casos que inici\u00f3 en el verano de este a\u00f1o.<br><\/p>\n\n\n\n<p>Durante la conferencia matutina del presidente Andr\u00e9s Manuel L\u00f3pez Obrador, el especialista destac\u00f3 que la hospitalizaci\u00f3n de pacientes con esta enfermedad registra una franca reducci\u00f3n y que la ocupaci\u00f3n de camas generales es de 5 por ciento. En tanto, la ocupaci\u00f3n de camas con ventilador mec\u00e1nico para pacientes graves con Covid-19 se ubica en 2 por ciento.<\/p>\n\n\n\n<p>\u00abSiete semanas de reducci\u00f3n consecutiva, vamos en muy buen paso a los niveles m\u00ednimos que hemos alcanzado en otros periodos inter-epid\u00e9micos o inter ciclo epid\u00e9mico\u00bb, explic\u00f3 L\u00f3pez-Gatell y atribuy\u00f3 estos avances a la vacunaci\u00f3n contra Covid-19 en el pa\u00eds que actualmente se est\u00e1 enfocando en la inmunizaci\u00f3n de la poblaci\u00f3n menor de edad.<\/p>\n","protected":false},"excerpt":{"rendered":"<p>La cifra oficial de fallecimientos a causa de la Covid-19 desde que inici\u00f3 la pandemia en M\u00e9xico se increment\u00f3 a 329,456, luego de que este 30 de agosto la Secretar\u00eda de Salud notific\u00f3 55 nuevas defunciones en las \u00faltimas 24 horas. El Informe T\u00e9cnico Diario sobre el progreso de la epidemia del coronavirus SARS-CoV-2 en [&hellip;]<\/p>\n","protected":false},"author":4,"featured_media":12712,"comment_status":"open","ping_status":"open","sticky":false,"template":"","format":"standard","meta":{"om_disable_all_campaigns":false,"_monsterinsights_skip_tracking":false,"_monsterinsights_sitenote_active":false,"_monsterinsights_sitenote_note":"","_monsterinsights_sitenote_category":0,"footnotes":""},"categories":[176],"tags":[],"class_list":["post-12710","post","type-post","status-publish","format-standard","has-post-thumbnail","hentry","category-nacional"],"amp_enabled":true,"_links":{"self":[{"href":"https:\/\/lahora.mx\/index.php\/wp-json\/wp\/v2\/posts\/12710","targetHints":{"allow":["GET"]}}],"collection":[{"href":"https:\/\/lahora.mx\/index.php\/wp-json\/wp\/v2\/posts"}],"about":[{"href":"https:\/\/lahora.mx\/index.php\/wp-json\/wp\/v2\/types\/post"}],"author":[{"embeddable":true,"href":"https:\/\/lahora.mx\/index.php\/wp-json\/wp\/v2\/users\/4"}],"replies":[{"embeddable":true,"href":"https:\/\/lahora.mx\/index.php\/wp-json\/wp\/v2\/comments?post=12710"}],"version-history":[{"count":1,"href":"https:\/\/lahora.mx\/index.php\/wp-json\/wp\/v2\/posts\/12710\/revisions"}],"predecessor-version":[{"id":12713,"href":"https:\/\/lahora.mx\/index.php\/wp-json\/wp\/v2\/posts\/12710\/revisions\/12713"}],"wp:featuredmedia":[{"embeddable":true,"href":"https:\/\/lahora.mx\/index.php\/wp-json\/wp\/v2\/media\/12712"}],"wp:attachment":[{"href":"https:\/\/lahora.mx\/index.php\/wp-json\/wp\/v2\/media?parent=12710"}],"wp:term":[{"taxonomy":"category","embeddable":true,"href":"https:\/\/lahora.mx\/index.php\/wp-json\/wp\/v2\/categories?post=12710"},{"taxonomy":"post_tag","embeddable":true,"href":"https:\/\/lahora.mx\/index.php\/wp-json\/wp\/v2\/tags?post=12710"}],"curies":[{"name":"wp","href":"https:\/\/api.w.org\/{rel}","templated":true}]}}