{"id":12702,"date":"2022-08-31T02:59:12","date_gmt":"2022-08-31T02:59:12","guid":{"rendered":"http:\/\/lahora.mx\/?p=12702"},"modified":"2022-08-31T03:01:31","modified_gmt":"2022-08-31T03:01:31","slug":"29-mas-malhumorados-tras-pandemia-asi-son-los-poblanos-ahora-revela-estudio","status":"publish","type":"post","link":"https:\/\/lahora.mx\/index.php\/2022\/08\/31\/29-mas-malhumorados-tras-pandemia-asi-son-los-poblanos-ahora-revela-estudio\/","title":{"rendered":"29% m\u00e1s malhumorados tras pandemia as\u00ed son los poblanos ahora: revela estudio"},"content":{"rendered":"\n<p>Desde que empez\u00f3 la pandemia nos enojamos m\u00e1s, lo que deriva en el incremento en diversas expresiones de violencia dom\u00e9stica, especialmente entre parejas. Hallazgo principal del informe Enojo excesivo y violencia familiar desarrollado por acad\u00e9micos y estudiantes de la IBERO Puebla.<\/p>\n\n\n\n<p>El proyecto, llevado a cabo en el periodo escolar Verano 2022 con apoyo de CONCYTEP, responde a una de las problem\u00e1ticas m\u00e1s apremiantes de los \u00faltimos a\u00f1os: la violencia en los hogares. De acuerdo con datos del Sistema Nacional de Seguridad, en 2020 se registraron m\u00e1s de 170,000 llamadas de emergencia al 911, 20,000 m\u00e1s que el a\u00f1o anterior.<br><br>Para identificar los patrones de conducta en las familias poblanas, se entrevist\u00f3 de manera virtual a 665 padres y madres de familia, quienes respondieron un cuestionario y tuvieron un espacio de expresi\u00f3n libre para proponer soluciones a las fricciones hogare\u00f1as. En retribuci\u00f3n, el equipo ofreci\u00f3 talleres centrados en ejercicios de respiraci\u00f3n para la vuelta a la tranquilidad.<\/p>\n\n\n\n<p>Hogares turbulentos<\/p>\n\n\n\n<p>Si bien cuatro de cada diez encuestados asegura que sus \u00edndices de irritabilidad no cambiaron durante la pandemia, el 29% se asumi\u00f3 \u201cm\u00e1s enoj\u00f3n\u201d desde el enclaustro por el coronavirus. En contraste, el 37% se considera \u201cpoco enoj\u00f3n\u201d y el 28% se define como alguien \u201cenoj\u00f3n\u201d.<br><br>Casi la totalidad de la muestra reconoce haber ejercido violencia al enojarse durante el \u00faltimo a\u00f1o; las diferencias en cuanto a g\u00e9nero son m\u00ednimas (96.5% de mujeres contra 95.6% de hombres). De igual manera, ellas reconocieron haber agredido f\u00edsicamente a otro integrante de su familia con mayor frecuencia que ellos (37% contra 24%).<\/p>\n\n\n\n<p>La violencia se ejerce principalmente entre parejas, aunque hay matices. El estudio revela que pap\u00e1s y mam\u00e1s se gritan, insultan, dejan de hablar o destruyen sus cosas; tambi\u00e9n son los m\u00e1s propensos a abandonar la casa de forma brusca. En cambio, a los hijos se les amenaza m\u00e1s que a la pareja: las madres rega\u00f1an a hijas e hijos por igual, mientras que los padres reprenden a los chicos m\u00e1s que a las chicas.<\/p>\n\n\n\n<p>Como explic\u00f3 el coordinador del proyecto, Ra\u00fal Alc\u00e1zar Ol\u00e1n, las personas que se autovaloran como propensas a enojarse con facilidad son igualmente m\u00e1s proclives a ejercer violencia que aquellas que manejan mejor su enojo. Por ejemplo, mientras que nueve de cada diez tendientes al enojo le han gritado a alg\u00fan familiar, solo el 57% de los que son poco propensos lo han hecho.<\/p>\n\n\n\n<p>El Estado ha intentado gestionar esta problem\u00e1tica a trav\u00e9s de m\u00faltiples instituciones, desde el DIF hasta la Fiscal\u00eda General de la Rep\u00fablica. El equipo elabor\u00f3 una propuesta de pol\u00edtica p\u00fablica basada en tres acciones: reducir los \u00edndices de violencia familiar a trav\u00e9s de la prevenci\u00f3n; concientizar a la poblaci\u00f3n sobre el enojo como problem\u00e1tica social, y aumentar la participaci\u00f3n de la sociedad civil en la lucha contra la violencia familiar.<\/p>\n\n\n\n<p>Sobre las pol\u00edticas ya existentes, se propone evaluar el impacto de los programas sociales. \u201cEl problema no solo depende de crear sanciones m\u00e1s fuertes o nuevas leyes, sino que los esfuerzos deben dirigirse a ver qu\u00e9 funciona y qu\u00e9 no\u201d, recalc\u00f3 Alc\u00e1zar Ol\u00e1n.<\/p>\n\n\n\n<p>El informe concluye con una serie de actividades para el manejo del enojo, mismas que incluyen la revisi\u00f3n de las violencias en hombres y mujeres, la elaboraci\u00f3n de un diario de emociones para la introspecci\u00f3n y la capacitaci\u00f3n con base en pol\u00edticas paritarias.<\/p>\n\n\n\n<p>Qui\u00e9n recibe el enojo<\/p>\n\n\n\n<p>Pese a que el enojo es una emoci\u00f3n inherente al ser humano, su expresi\u00f3n se vive de manera diferenciada. As\u00ed lo evalu\u00f3 Ana Laura Gamboa, responsable del Observatorio de Violencia Social y de G\u00e9nero (OVSG) del Instituto de Derechos Humanos Ignacio Ellacur\u00eda, SJ (IDHIE): \u201cCuando nos damos cuenta c\u00f3mo se expresa el enojo ayuda a la desnaturalizaci\u00f3n de la violencia\u201d.<\/p>\n\n\n\n<p>La Gamboa Mu\u00f1oz puso \u00e9nfasis en los espirales de violencia que viven las infancias como un reflejo de estas asimetr\u00edas. Mientras que los varones tienen la tendencia a convertirse en agresores al crecer, las mujeres pueden quedarse atrapadas en entornos de vulneraci\u00f3n.<\/p>\n\n\n\n<p>Se ha observado que los ni\u00f1os que son v\u00edctimas directas o indirectas de violencia presentan carencias escolares en asignaturas como espa\u00f1ol y matem\u00e1ticas.<\/p>\n\n\n\n<p>Desde una mirada con perspectiva de g\u00e9nero, Ana Gamboa asegur\u00f3 que las emociones est\u00e1n vinculadas con los roles de g\u00e9nero. \u201cLa violencia de pareja es fundamental\u201d, pues, como ha encontrado el observatorio, hasta la mitad de los feminicidios son cometidos por parejas o exparejas sentimentales de las v\u00edctimas.<\/p>\n\n\n\n<p>Insisti\u00f3 en la necesidad de abordar la problem\u00e1tica de manera focalizada para atender las necesidades de los grupos sociales hist\u00f3ricamente vulnerados. \u201cLa violencia es un ejercicio de poder. Las violencias estructurales derivan de un sistema patriarcal en el que lo femenino siempre ha estado por debajo de lo masculino\u201d. El enojo, cerr\u00f3, adoctrina a los cuerpos y justifica la opresi\u00f3n sobre lo que se considera una entidad privada.<\/p>\n\n\n\n<p>Por su parte, el Alejandro Arias R\u00e1bago, director de Apoyos a Proyectos de CONCYTEP, destac\u00f3 la develaci\u00f3n de formas de gestionar el enojo, una emoci\u00f3n propia de la experiencia humana, de manera asertiva. \u201cNo es algo malo per se. El problema es c\u00f3mo lo expreses y derives\u201d.<\/p>\n","protected":false},"excerpt":{"rendered":"<p>Desde que empez\u00f3 la pandemia nos enojamos m\u00e1s, lo que deriva en el incremento en diversas expresiones de violencia dom\u00e9stica, especialmente entre parejas. Hallazgo principal del informe Enojo excesivo y violencia familiar desarrollado por acad\u00e9micos y estudiantes de la IBERO Puebla. El proyecto, llevado a cabo en el periodo escolar Verano 2022 con apoyo de [&hellip;]<\/p>\n","protected":false},"author":4,"featured_media":12703,"comment_status":"open","ping_status":"open","sticky":false,"template":"","format":"standard","meta":{"om_disable_all_campaigns":false,"_monsterinsights_skip_tracking":false,"_monsterinsights_sitenote_active":false,"_monsterinsights_sitenote_note":"","_monsterinsights_sitenote_category":0,"footnotes":""},"categories":[3,175],"tags":[223],"class_list":["post-12702","post","type-post","status-publish","format-standard","has-post-thumbnail","hentry","category-entretenimiento","category-local","tag-puebla"],"amp_enabled":true,"_links":{"self":[{"href":"https:\/\/lahora.mx\/index.php\/wp-json\/wp\/v2\/posts\/12702","targetHints":{"allow":["GET"]}}],"collection":[{"href":"https:\/\/lahora.mx\/index.php\/wp-json\/wp\/v2\/posts"}],"about":[{"href":"https:\/\/lahora.mx\/index.php\/wp-json\/wp\/v2\/types\/post"}],"author":[{"embeddable":true,"href":"https:\/\/lahora.mx\/index.php\/wp-json\/wp\/v2\/users\/4"}],"replies":[{"embeddable":true,"href":"https:\/\/lahora.mx\/index.php\/wp-json\/wp\/v2\/comments?post=12702"}],"version-history":[{"count":1,"href":"https:\/\/lahora.mx\/index.php\/wp-json\/wp\/v2\/posts\/12702\/revisions"}],"predecessor-version":[{"id":12704,"href":"https:\/\/lahora.mx\/index.php\/wp-json\/wp\/v2\/posts\/12702\/revisions\/12704"}],"wp:featuredmedia":[{"embeddable":true,"href":"https:\/\/lahora.mx\/index.php\/wp-json\/wp\/v2\/media\/12703"}],"wp:attachment":[{"href":"https:\/\/lahora.mx\/index.php\/wp-json\/wp\/v2\/media?parent=12702"}],"wp:term":[{"taxonomy":"category","embeddable":true,"href":"https:\/\/lahora.mx\/index.php\/wp-json\/wp\/v2\/categories?post=12702"},{"taxonomy":"post_tag","embeddable":true,"href":"https:\/\/lahora.mx\/index.php\/wp-json\/wp\/v2\/tags?post=12702"}],"curies":[{"name":"wp","href":"https:\/\/api.w.org\/{rel}","templated":true}]}}