{"id":12699,"date":"2022-08-31T02:49:35","date_gmt":"2022-08-31T02:49:35","guid":{"rendered":"http:\/\/lahora.mx\/?p=12699"},"modified":"2022-08-31T02:49:36","modified_gmt":"2022-08-31T02:49:36","slug":"localizan-a-690-personas-de-2020-a-la-fecha","status":"publish","type":"post","link":"https:\/\/lahora.mx\/index.php\/2022\/08\/31\/localizan-a-690-personas-de-2020-a-la-fecha\/","title":{"rendered":"Localizan a 690 personas de 2020 a la fecha"},"content":{"rendered":"\n<p>Derivado de las solicitudes atendidas y del trabajo emprendido desde enero de 2020, la Comisi\u00f3n de B\u00fasqueda de Puebla ha localizado, a la fecha, a 690 personas reportadas como desaparecidas o no localizadas, inform\u00f3 la titular del organismo, Mar\u00eda del Carmen Carabarin Trujillo.<\/p>\n\n\n\n<p>En el marco del D\u00eda Internacional de las V\u00edctimas de Desapariciones Forzadas, la funcionaria explic\u00f3 que han sido halladas 354 mujeres y 336 hombres en todo el territorio poblano.<\/p>\n\n\n\n<p>En este sentido, inform\u00f3 que, a la presente fecha, han sido llevadas a cabo 23 mil 193 acciones de b\u00fasqueda en todo el estado, as\u00ed como la capacitaci\u00f3n en materia de desaparici\u00f3n de personas a 3 mil 225 servidores p\u00fablicos municipales, con el objetivo de trabajar la prevenci\u00f3n y responder a la demanda ciudadana de buscar a personas desaparecidas o no localizadas.<\/p>\n\n\n\n<p>Con estas acciones, el gobierno de Puebla, que encabeza Miguel Barbosa Huerta, refrenda su compromiso con las familias poblanas para actuar siempre con sensibilidad y respeto, as\u00ed como prevenir, combatir y brindar resultados tangibles ante este fen\u00f3meno social.<\/p>\n\n\n\n<p>La Comisi\u00f3n de B\u00fasqueda de Personas del Estado de Puebla recibe los reportes de las y los poblanos en sus oficinas ubicadas en avenida 29 Oriente 620, colonia Ladrillera de Ben\u00edtez, en Puebla capital, o a los tel\u00e9fonos: 222 682 1258 y 222 246 3830 extensi\u00f3n 114.<\/p>\n","protected":false},"excerpt":{"rendered":"<p>Derivado de las solicitudes atendidas y del trabajo emprendido desde enero de 2020, la Comisi\u00f3n de B\u00fasqueda de Puebla ha localizado, a la fecha, a 690 personas reportadas como desaparecidas o no localizadas, inform\u00f3 la titular del organismo, Mar\u00eda del Carmen Carabarin Trujillo. En el marco del D\u00eda Internacional de las V\u00edctimas de Desapariciones Forzadas, [&hellip;]<\/p>\n","protected":false},"author":4,"featured_media":12700,"comment_status":"open","ping_status":"open","sticky":false,"template":"","format":"standard","meta":{"om_disable_all_campaigns":false,"_monsterinsights_skip_tracking":false,"_monsterinsights_sitenote_active":false,"_monsterinsights_sitenote_note":"","_monsterinsights_sitenote_category":0,"footnotes":""},"categories":[175],"tags":[195,223],"class_list":["post-12699","post","type-post","status-publish","format-standard","has-post-thumbnail","hentry","category-local","tag-principal","tag-puebla"],"amp_enabled":true,"_links":{"self":[{"href":"https:\/\/lahora.mx\/index.php\/wp-json\/wp\/v2\/posts\/12699","targetHints":{"allow":["GET"]}}],"collection":[{"href":"https:\/\/lahora.mx\/index.php\/wp-json\/wp\/v2\/posts"}],"about":[{"href":"https:\/\/lahora.mx\/index.php\/wp-json\/wp\/v2\/types\/post"}],"author":[{"embeddable":true,"href":"https:\/\/lahora.mx\/index.php\/wp-json\/wp\/v2\/users\/4"}],"replies":[{"embeddable":true,"href":"https:\/\/lahora.mx\/index.php\/wp-json\/wp\/v2\/comments?post=12699"}],"version-history":[{"count":1,"href":"https:\/\/lahora.mx\/index.php\/wp-json\/wp\/v2\/posts\/12699\/revisions"}],"predecessor-version":[{"id":12701,"href":"https:\/\/lahora.mx\/index.php\/wp-json\/wp\/v2\/posts\/12699\/revisions\/12701"}],"wp:featuredmedia":[{"embeddable":true,"href":"https:\/\/lahora.mx\/index.php\/wp-json\/wp\/v2\/media\/12700"}],"wp:attachment":[{"href":"https:\/\/lahora.mx\/index.php\/wp-json\/wp\/v2\/media?parent=12699"}],"wp:term":[{"taxonomy":"category","embeddable":true,"href":"https:\/\/lahora.mx\/index.php\/wp-json\/wp\/v2\/categories?post=12699"},{"taxonomy":"post_tag","embeddable":true,"href":"https:\/\/lahora.mx\/index.php\/wp-json\/wp\/v2\/tags?post=12699"}],"curies":[{"name":"wp","href":"https:\/\/api.w.org\/{rel}","templated":true}]}}