{"id":12654,"date":"2022-08-30T23:00:41","date_gmt":"2022-08-30T23:00:41","guid":{"rendered":"http:\/\/lahora.mx\/?p=12654"},"modified":"2022-08-30T23:06:20","modified_gmt":"2022-08-30T23:06:20","slug":"4-millones-de-personas-en-provincia-vecina-a-pekin-son-confinadas-por-china","status":"publish","type":"post","link":"https:\/\/lahora.mx\/index.php\/2022\/08\/30\/4-millones-de-personas-en-provincia-vecina-a-pekin-son-confinadas-por-china\/","title":{"rendered":"4 millones de personas en provincia vecina a Pek\u00edn son confinadas por China"},"content":{"rendered":"\n<p>Cerca de cuatro millones de habitantes de la provincia que rodea a Pek\u00edn fueron confinados en China este martes en un intento de las autoridades de frenar cualquier avance del covid-19, antes de una gran cita pol\u00edtica del Partido Comunista Chino (PCC).<\/p>\n\n\n\n<p>Los residentes de las ciudades de Chengde y Xinle, en la provincia de Hebei, deben permanecer en sus hogares hasta el final de semana para hacer frente a un brote del virus.<\/p>\n\n\n\n<p>Adem\u00e1s, m\u00e1s de 13 millones de habitantes del municipio de Tianjin, que est\u00e1 al norte y tiene frontera con Pek\u00edn, deber\u00e1n someterse a una prueba PCR el martes despu\u00e9s de que se detectaran m\u00e1s de 80 casos en dos d\u00edas.<br><br>China es la \u00fanica de las principales econom\u00edas del mundo que sigue manteniendo una estrategia de contenci\u00f3n \u00abcero covid\u00bb, con estrictos confinamientos y cuarentenas.<\/p>\n\n\n\n<p>Las autoridades decretan confinamientos localizados, imponen en algunos lugares pruebas PCR cada 72 \u00f3 48 horas y cuarentenas a viajeros que se desplacen de provincia.<\/p>\n\n\n\n<p>Esta pol\u00edtica ha tenido fuertes repercusiones en la econom\u00eda y no se espera que sea relajada en el 20\u00ba Congreso del Partido Comunista de China (PCC), que se espera que se celebre en los pr\u00f3ximo tres meses.<\/p>\n\n\n\n<p>En esta cita el presidente chino, Xi Jinping, deber\u00eda obtener una confirmaci\u00f3n para un tercer mandato como secretario general de la organizaci\u00f3n, salvo que haya un giro muy improbable.<\/p>\n\n\n\n<p>La pol\u00edtica sanitaria en el pa\u00eds -que Xi defiende fervientemente- adquiri\u00f3 un cariz muy pol\u00edtico y cualquier oposici\u00f3n frontal a las medidas anticovid puede ser considerada como un cuestionamiento al r\u00e9gimen.<\/p>\n","protected":false},"excerpt":{"rendered":"<p>Cerca de cuatro millones de habitantes de la provincia que rodea a Pek\u00edn fueron confinados en China este martes en un intento de las autoridades de frenar cualquier avance del covid-19, antes de una gran cita pol\u00edtica del Partido Comunista Chino (PCC). Los residentes de las ciudades de Chengde y Xinle, en la provincia de [&hellip;]<\/p>\n","protected":false},"author":4,"featured_media":12655,"comment_status":"open","ping_status":"open","sticky":false,"template":"","format":"standard","meta":{"om_disable_all_campaigns":false,"_monsterinsights_skip_tracking":false,"_monsterinsights_sitenote_active":false,"_monsterinsights_sitenote_note":"","_monsterinsights_sitenote_category":0,"footnotes":""},"categories":[183],"tags":[],"class_list":["post-12654","post","type-post","status-publish","format-standard","has-post-thumbnail","hentry","category-internacional"],"amp_enabled":true,"_links":{"self":[{"href":"https:\/\/lahora.mx\/index.php\/wp-json\/wp\/v2\/posts\/12654","targetHints":{"allow":["GET"]}}],"collection":[{"href":"https:\/\/lahora.mx\/index.php\/wp-json\/wp\/v2\/posts"}],"about":[{"href":"https:\/\/lahora.mx\/index.php\/wp-json\/wp\/v2\/types\/post"}],"author":[{"embeddable":true,"href":"https:\/\/lahora.mx\/index.php\/wp-json\/wp\/v2\/users\/4"}],"replies":[{"embeddable":true,"href":"https:\/\/lahora.mx\/index.php\/wp-json\/wp\/v2\/comments?post=12654"}],"version-history":[{"count":1,"href":"https:\/\/lahora.mx\/index.php\/wp-json\/wp\/v2\/posts\/12654\/revisions"}],"predecessor-version":[{"id":12656,"href":"https:\/\/lahora.mx\/index.php\/wp-json\/wp\/v2\/posts\/12654\/revisions\/12656"}],"wp:featuredmedia":[{"embeddable":true,"href":"https:\/\/lahora.mx\/index.php\/wp-json\/wp\/v2\/media\/12655"}],"wp:attachment":[{"href":"https:\/\/lahora.mx\/index.php\/wp-json\/wp\/v2\/media?parent=12654"}],"wp:term":[{"taxonomy":"category","embeddable":true,"href":"https:\/\/lahora.mx\/index.php\/wp-json\/wp\/v2\/categories?post=12654"},{"taxonomy":"post_tag","embeddable":true,"href":"https:\/\/lahora.mx\/index.php\/wp-json\/wp\/v2\/tags?post=12654"}],"curies":[{"name":"wp","href":"https:\/\/api.w.org\/{rel}","templated":true}]}}