{"id":12628,"date":"2022-08-30T14:53:00","date_gmt":"2022-08-30T14:53:00","guid":{"rendered":"http:\/\/lahora.mx\/?p=12628"},"modified":"2022-08-30T14:53:01","modified_gmt":"2022-08-30T14:53:01","slug":"gira-por-zacatecas-lopez-obrador","status":"publish","type":"post","link":"https:\/\/lahora.mx\/index.php\/2022\/08\/30\/gira-por-zacatecas-lopez-obrador\/","title":{"rendered":"Gira por Zacatecas: L\u00f3pez Obrador"},"content":{"rendered":"\n<p>Horas despu\u00e9s de que se llevaran a cabo diversos narcobloqueos en Zacatecas, el presidente Andr\u00e9s Manuel L\u00f3pez Obrador anunci\u00f3 que la pr\u00f3xima semana realizar\u00e1 la reuni\u00f3n de seguridad en ese estado, mismo donde har\u00e1 una gira.<\/p>\n\n\n\n<p>En su tradicional \u201cma\u00f1anera\u201d, el mandatario reconoci\u00f3 que dos grupos de la delincuencia organizada (C\u00e1rtel Jalisco Nueva Generaci\u00f3n y C\u00e1rtel de Sinaloa) se enfrentan por el control de la entidad.<br><\/p>\n\n\n\n<p>Adem\u00e1s, reiter\u00f3 que ya es una pr\u00e1ctica propagand\u00edstica la que usan criminales con el incendio de veh\u00edculos y bloqueos de vialidades luego de las aprehensiones de integrantes de grupos de la delincuencia organizada.<\/p>\n\n\n\n<p>\u201cDe un tiempo para ac\u00e1, la pr\u00e1ctica de incendiar veh\u00edculos cuando se detiene a presuntos delincuentes y hacerlo propaganda, pero nosotros vamos a continuar garantizando la paz, la tranquilidad\u201d, dijo.<\/p>\n\n\n\n<p>L\u00f3pez Obrador destac\u00f3 la presencia de la Guardia Nacional, as\u00ed como de la Secretar\u00eda de la Defensa Nacional con el objetivo salvaguardar a la ciudadan\u00eda.<br><\/p>\n","protected":false},"excerpt":{"rendered":"<p>Horas despu\u00e9s de que se llevaran a cabo diversos narcobloqueos en Zacatecas, el presidente Andr\u00e9s Manuel L\u00f3pez Obrador anunci\u00f3 que la pr\u00f3xima semana realizar\u00e1 la reuni\u00f3n de seguridad en ese estado, mismo donde har\u00e1 una gira. En su tradicional \u201cma\u00f1anera\u201d, el mandatario reconoci\u00f3 que dos grupos de la delincuencia organizada (C\u00e1rtel Jalisco Nueva Generaci\u00f3n y [&hellip;]<\/p>\n","protected":false},"author":4,"featured_media":12629,"comment_status":"open","ping_status":"open","sticky":false,"template":"","format":"standard","meta":{"om_disable_all_campaigns":false,"_monsterinsights_skip_tracking":false,"_monsterinsights_sitenote_active":false,"_monsterinsights_sitenote_note":"","_monsterinsights_sitenote_category":0,"footnotes":""},"categories":[176],"tags":[195],"class_list":["post-12628","post","type-post","status-publish","format-standard","has-post-thumbnail","hentry","category-nacional","tag-principal"],"amp_enabled":true,"_links":{"self":[{"href":"https:\/\/lahora.mx\/index.php\/wp-json\/wp\/v2\/posts\/12628","targetHints":{"allow":["GET"]}}],"collection":[{"href":"https:\/\/lahora.mx\/index.php\/wp-json\/wp\/v2\/posts"}],"about":[{"href":"https:\/\/lahora.mx\/index.php\/wp-json\/wp\/v2\/types\/post"}],"author":[{"embeddable":true,"href":"https:\/\/lahora.mx\/index.php\/wp-json\/wp\/v2\/users\/4"}],"replies":[{"embeddable":true,"href":"https:\/\/lahora.mx\/index.php\/wp-json\/wp\/v2\/comments?post=12628"}],"version-history":[{"count":1,"href":"https:\/\/lahora.mx\/index.php\/wp-json\/wp\/v2\/posts\/12628\/revisions"}],"predecessor-version":[{"id":12630,"href":"https:\/\/lahora.mx\/index.php\/wp-json\/wp\/v2\/posts\/12628\/revisions\/12630"}],"wp:featuredmedia":[{"embeddable":true,"href":"https:\/\/lahora.mx\/index.php\/wp-json\/wp\/v2\/media\/12629"}],"wp:attachment":[{"href":"https:\/\/lahora.mx\/index.php\/wp-json\/wp\/v2\/media?parent=12628"}],"wp:term":[{"taxonomy":"category","embeddable":true,"href":"https:\/\/lahora.mx\/index.php\/wp-json\/wp\/v2\/categories?post=12628"},{"taxonomy":"post_tag","embeddable":true,"href":"https:\/\/lahora.mx\/index.php\/wp-json\/wp\/v2\/tags?post=12628"}],"curies":[{"name":"wp","href":"https:\/\/api.w.org\/{rel}","templated":true}]}}