{"id":12625,"date":"2022-08-30T14:11:55","date_gmt":"2022-08-30T14:11:55","guid":{"rendered":"http:\/\/lahora.mx\/?p=12625"},"modified":"2022-08-30T14:11:56","modified_gmt":"2022-08-30T14:11:56","slug":"no-quiero-ser-complice-menciona-amlo-ante-la-posibilidad-de-aprobarse-anular-la-prision-preventiva","status":"publish","type":"post","link":"https:\/\/lahora.mx\/index.php\/2022\/08\/30\/no-quiero-ser-complice-menciona-amlo-ante-la-posibilidad-de-aprobarse-anular-la-prision-preventiva\/","title":{"rendered":"\u00abNo quiero ser c\u00f3mplice\u00bb menciona AMLO ante la posibilidad de aprobarse anular la prisi\u00f3n preventiva"},"content":{"rendered":"\n<p>El presidente Andr\u00e9s Manuel L\u00f3pez Obrador adelant\u00f3 este martes que si los ministros de la Suprema Corte de Justicia de la Naci\u00f3n (SCJN) aprueba el proyecto de eliminaci\u00f3n de la prisi\u00f3n preventiva oficiosa respetar\u00e1 esta decisi\u00f3n, pero advirti\u00f3 que \u201cno quiero ser c\u00f3mplice\u201d.<\/p>\n\n\n\n<p>En conferencia de prensa matutina, el titular del Ejecutivo federal se\u00f1al\u00f3 que si se aprueba este proyecto y se le pregunta porque sali\u00f3 un delincuente de cuello blanco tendr\u00e1 que se\u00f1alar que no fue su gobierno, sino los jueces y el Poder Judicial.<br>Se\u00f1al\u00f3 que de aprobarse eliminar la prisi\u00f3n preventiva oficiosa M\u00e9xico seguir\u00e1 siendo el pa\u00eds de la corrupci\u00f3n y la impunidad.<\/p>\n\n\n\n<p>\u201cSi la Corte revuelve de que ya no va haber esta prisi\u00f3n preventiva y que van a poder salir como entran los delincuentes, yo respeto la decisi\u00f3n, pero no quiero ser c\u00f3mplice.<\/p>\n\n\n\n<p>\u201cEntonces M\u00e9xico sigue siendo el pa\u00eds de la corrupci\u00f3n y la impunidad y no queremos que suceda, porque nada ha da\u00f1ado m\u00e1s a M\u00e9xico que la deshonestidad de los gobernantes\u201d, dijo.<\/p>\n","protected":false},"excerpt":{"rendered":"<p>El presidente Andr\u00e9s Manuel L\u00f3pez Obrador adelant\u00f3 este martes que si los ministros de la Suprema Corte de Justicia de la Naci\u00f3n (SCJN) aprueba el proyecto de eliminaci\u00f3n de la prisi\u00f3n preventiva oficiosa respetar\u00e1 esta decisi\u00f3n, pero advirti\u00f3 que \u201cno quiero ser c\u00f3mplice\u201d. En conferencia de prensa matutina, el titular del Ejecutivo federal se\u00f1al\u00f3 que [&hellip;]<\/p>\n","protected":false},"author":4,"featured_media":12626,"comment_status":"open","ping_status":"open","sticky":false,"template":"","format":"standard","meta":{"om_disable_all_campaigns":false,"_monsterinsights_skip_tracking":false,"_monsterinsights_sitenote_active":false,"_monsterinsights_sitenote_note":"","_monsterinsights_sitenote_category":0,"footnotes":""},"categories":[176],"tags":[],"class_list":["post-12625","post","type-post","status-publish","format-standard","has-post-thumbnail","hentry","category-nacional"],"amp_enabled":true,"_links":{"self":[{"href":"https:\/\/lahora.mx\/index.php\/wp-json\/wp\/v2\/posts\/12625","targetHints":{"allow":["GET"]}}],"collection":[{"href":"https:\/\/lahora.mx\/index.php\/wp-json\/wp\/v2\/posts"}],"about":[{"href":"https:\/\/lahora.mx\/index.php\/wp-json\/wp\/v2\/types\/post"}],"author":[{"embeddable":true,"href":"https:\/\/lahora.mx\/index.php\/wp-json\/wp\/v2\/users\/4"}],"replies":[{"embeddable":true,"href":"https:\/\/lahora.mx\/index.php\/wp-json\/wp\/v2\/comments?post=12625"}],"version-history":[{"count":1,"href":"https:\/\/lahora.mx\/index.php\/wp-json\/wp\/v2\/posts\/12625\/revisions"}],"predecessor-version":[{"id":12627,"href":"https:\/\/lahora.mx\/index.php\/wp-json\/wp\/v2\/posts\/12625\/revisions\/12627"}],"wp:featuredmedia":[{"embeddable":true,"href":"https:\/\/lahora.mx\/index.php\/wp-json\/wp\/v2\/media\/12626"}],"wp:attachment":[{"href":"https:\/\/lahora.mx\/index.php\/wp-json\/wp\/v2\/media?parent=12625"}],"wp:term":[{"taxonomy":"category","embeddable":true,"href":"https:\/\/lahora.mx\/index.php\/wp-json\/wp\/v2\/categories?post=12625"},{"taxonomy":"post_tag","embeddable":true,"href":"https:\/\/lahora.mx\/index.php\/wp-json\/wp\/v2\/tags?post=12625"}],"curies":[{"name":"wp","href":"https:\/\/api.w.org\/{rel}","templated":true}]}}