{"id":12616,"date":"2022-08-30T13:25:11","date_gmt":"2022-08-30T13:25:11","guid":{"rendered":"http:\/\/lahora.mx\/?p=12616"},"modified":"2022-08-30T13:25:12","modified_gmt":"2022-08-30T13:25:12","slug":"rescate-de-mineros-sigue-en-pie-afirma-proteccion-civil-habra-indemnizacion","status":"publish","type":"post","link":"https:\/\/lahora.mx\/index.php\/2022\/08\/30\/rescate-de-mineros-sigue-en-pie-afirma-proteccion-civil-habra-indemnizacion\/","title":{"rendered":"Rescate de mineros sigue en pie afirma protecci\u00f3n civil; habr\u00e1 indemnizaci\u00f3n"},"content":{"rendered":"\n<p>La titular de la Coordinaci\u00f3n Nacional de Protecci\u00f3n Civil, Laura Vel\u00e1zquez, confirm\u00f3 que s\u00ed habr\u00e1 rescate de los mineros en Coahuila, contrario a lo que hab\u00edan declarado los familiares de que los trabajos se hab\u00edan suspendido.<\/p>\n\n\n\n<p>Laura Vel\u00e1zquez, titular de esta dependencia dio a conocer que se concretaron acuerdos, \u201cha sido un proceso largo, llevamos varios d\u00edas platicando, pero vamos muy bien, llegamos a un acuerdo el d\u00eda de hoy que se consolido de una manera muy importante\u201d.<\/p>\n\n\n\n<p>Destac\u00f3 que se va a realizar el tajo a cielo abierto iniciando los trabajos cuanto antes, mencion\u00f3 que sostuvo una llamada telef\u00f3nica con el titular de la Comisi\u00f3n Federal de Electricidad (CFE), Manuel Barlett.<\/p>\n\n\n\n<p>\u201cEstaremos en par de d\u00edas de que inicie este gran proyecto, es una obra de ingenier\u00eda magna, muy importante\u201d.<\/p>\n\n\n\n<p>Laura Vel\u00e1zquez, sostuvo que concluyendo el tajo se har\u00e1 el memorial como ellas mismas lo solicitaron, \u201cquieren algunos detalles espec\u00edficos, vamos a cumplir con ellos sin problemas\u201d.<\/p>\n\n\n\n<p>La Coordinadora Nacional de Protecci\u00f3n Civil, destac\u00f3 que habr\u00e1 indemnizaci\u00f3n para las 10 familias de los mineros atrapados en El Pinabete, desde el pasado 3 de agosto y aclar\u00f3 que a todo se dar\u00e1 cumplimiento.<\/p>\n\n\n\n<p>En este rubro a\u00fan desconoce el monto, pero ser\u00e1 la misma cantidad para las familias, se trata de una indemnizaci\u00f3n seria y digna, para estos hechos lamentables que hemos vivido.<\/p>\n\n\n\n<p>Para la construcci\u00f3n del tajo a cielo abierto se tiene como primera propuesta de un tiempo de seis meses para llegar a las galer\u00edas, este es el plazo m\u00e1s importante.<\/p>\n\n\n\n<p>\u201cMencionar que si se puede en menos ser\u00eda lo ideal, pero hemos, dejado ese espacio de seis meses para llegar a los mineros, en seis meses se llegar\u00eda a galer\u00edas\u201d, dijo finalmente la funcionaria.<\/p>\n","protected":false},"excerpt":{"rendered":"<p>La titular de la Coordinaci\u00f3n Nacional de Protecci\u00f3n Civil, Laura Vel\u00e1zquez, confirm\u00f3 que s\u00ed habr\u00e1 rescate de los mineros en Coahuila, contrario a lo que hab\u00edan declarado los familiares de que los trabajos se hab\u00edan suspendido. Laura Vel\u00e1zquez, titular de esta dependencia dio a conocer que se concretaron acuerdos, \u201cha sido un proceso largo, llevamos [&hellip;]<\/p>\n","protected":false},"author":4,"featured_media":12617,"comment_status":"open","ping_status":"open","sticky":false,"template":"","format":"standard","meta":{"om_disable_all_campaigns":false,"_monsterinsights_skip_tracking":false,"_monsterinsights_sitenote_active":false,"_monsterinsights_sitenote_note":"","_monsterinsights_sitenote_category":0,"footnotes":""},"categories":[176],"tags":[],"class_list":["post-12616","post","type-post","status-publish","format-standard","has-post-thumbnail","hentry","category-nacional"],"amp_enabled":true,"_links":{"self":[{"href":"https:\/\/lahora.mx\/index.php\/wp-json\/wp\/v2\/posts\/12616","targetHints":{"allow":["GET"]}}],"collection":[{"href":"https:\/\/lahora.mx\/index.php\/wp-json\/wp\/v2\/posts"}],"about":[{"href":"https:\/\/lahora.mx\/index.php\/wp-json\/wp\/v2\/types\/post"}],"author":[{"embeddable":true,"href":"https:\/\/lahora.mx\/index.php\/wp-json\/wp\/v2\/users\/4"}],"replies":[{"embeddable":true,"href":"https:\/\/lahora.mx\/index.php\/wp-json\/wp\/v2\/comments?post=12616"}],"version-history":[{"count":1,"href":"https:\/\/lahora.mx\/index.php\/wp-json\/wp\/v2\/posts\/12616\/revisions"}],"predecessor-version":[{"id":12618,"href":"https:\/\/lahora.mx\/index.php\/wp-json\/wp\/v2\/posts\/12616\/revisions\/12618"}],"wp:featuredmedia":[{"embeddable":true,"href":"https:\/\/lahora.mx\/index.php\/wp-json\/wp\/v2\/media\/12617"}],"wp:attachment":[{"href":"https:\/\/lahora.mx\/index.php\/wp-json\/wp\/v2\/media?parent=12616"}],"wp:term":[{"taxonomy":"category","embeddable":true,"href":"https:\/\/lahora.mx\/index.php\/wp-json\/wp\/v2\/categories?post=12616"},{"taxonomy":"post_tag","embeddable":true,"href":"https:\/\/lahora.mx\/index.php\/wp-json\/wp\/v2\/tags?post=12616"}],"curies":[{"name":"wp","href":"https:\/\/api.w.org\/{rel}","templated":true}]}}