{"id":12581,"date":"2022-08-29T23:24:23","date_gmt":"2022-08-29T23:24:23","guid":{"rendered":"http:\/\/lahora.mx\/?p=12581"},"modified":"2022-08-29T23:24:24","modified_gmt":"2022-08-29T23:24:24","slug":"roban-camioneta-en-san-jeronimo-caleras-solo-bastaron-unos-segundos","status":"publish","type":"post","link":"https:\/\/lahora.mx\/index.php\/2022\/08\/29\/roban-camioneta-en-san-jeronimo-caleras-solo-bastaron-unos-segundos\/","title":{"rendered":"Roban camioneta en San Jer\u00f3nimo Caleras, solo bastaron unos segundos"},"content":{"rendered":"\n<p>A trav\u00e9s de c\u00e1maras de videovigilancia instaladas en calles de la junta auxiliar de San Jer\u00f3nimo Caleras, qued\u00f3 grabado el instante en el que una pareja rob\u00f3 una camioneta estacionada en la zona. Lo anterior en menos de un minuto; ahora los responsables del delito de robo de veh\u00edculo son buscados por las autoridades policiacas.<\/p>\n\n\n\n<p>El hecho delictivo ocurri\u00f3 la tarde del 28 de agosto a las 18:30 horas, sobre la calle Reforma y Manuel Miruz, a un costado de la iglesia de la referida junta auxiliar<\/p>\n\n\n\n<p>La grabaci\u00f3n de 50 segundos muestra c\u00f3mo en San Jer\u00f3nimo Caleras un hombre y una mujer, ambos de vestimenta obscura, caminaban sobre la vialidad; la mujer de cabello chino y largo, aparent\u00f3 hablar por tel\u00e9fono mientras el var\u00f3n al llegar a su objetivo, una camioneta tipo Jeep color negro, simul\u00f3 verse en uno de los espejos laterales de la unidad.<\/p>\n\n\n\n<p>En segundos el hombre logr\u00f3 abrir la puerta de lado del conductor y meterse para luego darle indicaciones a su c\u00f3mplice, la cual corri\u00f3 por detr\u00e1s del veh\u00edculo para poder subirse de lado del copiloto.<br>Una vez que ambos estuvieron arriba de la camioneta se dieron a la fuga, sin que al momento se conozca sobre el paradero de la camioneta robada en San Jer\u00f3nimo Caleras ni de los ladrones que ya quedaron evidenciados por medio del video que ya circula en redes sociales.<\/p>\n\n\n\n<p>Tras el robo de camioneta en San Jer\u00f3nimo Caleras, la Secretar\u00eda de Seguridad Ciudadana (SSC) respondi\u00f3 a trav\u00e9s de Twitter que canalizar\u00eda el reporte a la Direcci\u00f3n de Inteligencia y Pol\u00edtica Criminal para su investigaci\u00f3n.<\/p>\n","protected":false},"excerpt":{"rendered":"<p>A trav\u00e9s de c\u00e1maras de videovigilancia instaladas en calles de la junta auxiliar de San Jer\u00f3nimo Caleras, qued\u00f3 grabado el instante en el que una pareja rob\u00f3 una camioneta estacionada en la zona. Lo anterior en menos de un minuto; ahora los responsables del delito de robo de veh\u00edculo son buscados por las autoridades policiacas. [&hellip;]<\/p>\n","protected":false},"author":4,"featured_media":12582,"comment_status":"open","ping_status":"open","sticky":false,"template":"","format":"standard","meta":{"om_disable_all_campaigns":false,"_monsterinsights_skip_tracking":false,"_monsterinsights_sitenote_active":false,"_monsterinsights_sitenote_note":"","_monsterinsights_sitenote_category":0,"footnotes":""},"categories":[175,226],"tags":[223],"class_list":["post-12581","post","type-post","status-publish","format-standard","has-post-thumbnail","hentry","category-local","category-policia","tag-puebla"],"amp_enabled":true,"_links":{"self":[{"href":"https:\/\/lahora.mx\/index.php\/wp-json\/wp\/v2\/posts\/12581","targetHints":{"allow":["GET"]}}],"collection":[{"href":"https:\/\/lahora.mx\/index.php\/wp-json\/wp\/v2\/posts"}],"about":[{"href":"https:\/\/lahora.mx\/index.php\/wp-json\/wp\/v2\/types\/post"}],"author":[{"embeddable":true,"href":"https:\/\/lahora.mx\/index.php\/wp-json\/wp\/v2\/users\/4"}],"replies":[{"embeddable":true,"href":"https:\/\/lahora.mx\/index.php\/wp-json\/wp\/v2\/comments?post=12581"}],"version-history":[{"count":1,"href":"https:\/\/lahora.mx\/index.php\/wp-json\/wp\/v2\/posts\/12581\/revisions"}],"predecessor-version":[{"id":12583,"href":"https:\/\/lahora.mx\/index.php\/wp-json\/wp\/v2\/posts\/12581\/revisions\/12583"}],"wp:featuredmedia":[{"embeddable":true,"href":"https:\/\/lahora.mx\/index.php\/wp-json\/wp\/v2\/media\/12582"}],"wp:attachment":[{"href":"https:\/\/lahora.mx\/index.php\/wp-json\/wp\/v2\/media?parent=12581"}],"wp:term":[{"taxonomy":"category","embeddable":true,"href":"https:\/\/lahora.mx\/index.php\/wp-json\/wp\/v2\/categories?post=12581"},{"taxonomy":"post_tag","embeddable":true,"href":"https:\/\/lahora.mx\/index.php\/wp-json\/wp\/v2\/tags?post=12581"}],"curies":[{"name":"wp","href":"https:\/\/api.w.org\/{rel}","templated":true}]}}