{"id":12578,"date":"2022-08-29T23:20:45","date_gmt":"2022-08-29T23:20:45","guid":{"rendered":"http:\/\/lahora.mx\/?p=12578"},"modified":"2022-08-29T23:20:46","modified_gmt":"2022-08-29T23:20:46","slug":"no-habra-ningun-trabajo-de-rescate-en-el-pinabete","status":"publish","type":"post","link":"https:\/\/lahora.mx\/index.php\/2022\/08\/29\/no-habra-ningun-trabajo-de-rescate-en-el-pinabete\/","title":{"rendered":"No habr\u00e1 ning\u00fan trabajo de rescate en El Pinabete"},"content":{"rendered":"\n<p>Los trabajos de rescate en la mina El Pinabete de Sabinas, Coahuila, ser\u00e1n suspendidos, pero se continuar\u00e1n con las labores de desag\u00fce y las bombas se parar\u00e1n el pr\u00f3ximo viernes, de acuerdo con familiares de los 10 mineros que permanecen atrapados.<\/p>\n\n\n\n<p>\u201cYa no se va hacer el tajo y se va a indemnizar, el s\u00e1bado habr\u00e1 una misa luctuosa para despedirnos de ellos\u201d, dijo uno de los familiares de los trabajadores que quedaron atrapados en la mina desde el 3 de agosto.<br>Manifestaron que lo anterior fue informado ayer domingo a las 19:00 horas por parte de la coordinadora Nacional de Protecci\u00f3n Civil, Laura Vel\u00e1zquez Alz\u00faa.<br><\/p>\n\n\n\n<p>Los familiares dieron a conocer que se va hacer una capilla, de acuerdo a la propuesta de la funcionaria federal y que ah\u00ed se quedar\u00e1n los mineros atrapados.<\/p>\n\n\n\n<p>La cantidad de la indemnizaci\u00f3n no se les ha dado a conocer por cuestiones de seguridad.<\/p>\n\n\n\n<p>Tambi\u00e9n informaron la propuesta de hacer una capilla como memorial para honrarlos y firmar\u00e1n un acuerdo el pr\u00f3ximo s\u00e1bado.<\/p>\n\n\n\n<p>Tras parar las labores de rescate los cuerpos quedar\u00e1n bajo tierra, sin embrago, no todos los familiares est\u00e1n de acuerdo ya que la tradici\u00f3n es llevarles flores en el pante\u00f3n y hacerles su velaci\u00f3n en una capilla.<\/p>\n","protected":false},"excerpt":{"rendered":"<p>Los trabajos de rescate en la mina El Pinabete de Sabinas, Coahuila, ser\u00e1n suspendidos, pero se continuar\u00e1n con las labores de desag\u00fce y las bombas se parar\u00e1n el pr\u00f3ximo viernes, de acuerdo con familiares de los 10 mineros que permanecen atrapados. \u201cYa no se va hacer el tajo y se va a indemnizar, el s\u00e1bado [&hellip;]<\/p>\n","protected":false},"author":4,"featured_media":12579,"comment_status":"open","ping_status":"open","sticky":false,"template":"","format":"standard","meta":{"om_disable_all_campaigns":false,"_monsterinsights_skip_tracking":false,"_monsterinsights_sitenote_active":false,"_monsterinsights_sitenote_note":"","_monsterinsights_sitenote_category":0,"footnotes":""},"categories":[175,176],"tags":[195],"class_list":["post-12578","post","type-post","status-publish","format-standard","has-post-thumbnail","hentry","category-local","category-nacional","tag-principal"],"amp_enabled":true,"_links":{"self":[{"href":"https:\/\/lahora.mx\/index.php\/wp-json\/wp\/v2\/posts\/12578","targetHints":{"allow":["GET"]}}],"collection":[{"href":"https:\/\/lahora.mx\/index.php\/wp-json\/wp\/v2\/posts"}],"about":[{"href":"https:\/\/lahora.mx\/index.php\/wp-json\/wp\/v2\/types\/post"}],"author":[{"embeddable":true,"href":"https:\/\/lahora.mx\/index.php\/wp-json\/wp\/v2\/users\/4"}],"replies":[{"embeddable":true,"href":"https:\/\/lahora.mx\/index.php\/wp-json\/wp\/v2\/comments?post=12578"}],"version-history":[{"count":1,"href":"https:\/\/lahora.mx\/index.php\/wp-json\/wp\/v2\/posts\/12578\/revisions"}],"predecessor-version":[{"id":12580,"href":"https:\/\/lahora.mx\/index.php\/wp-json\/wp\/v2\/posts\/12578\/revisions\/12580"}],"wp:featuredmedia":[{"embeddable":true,"href":"https:\/\/lahora.mx\/index.php\/wp-json\/wp\/v2\/media\/12579"}],"wp:attachment":[{"href":"https:\/\/lahora.mx\/index.php\/wp-json\/wp\/v2\/media?parent=12578"}],"wp:term":[{"taxonomy":"category","embeddable":true,"href":"https:\/\/lahora.mx\/index.php\/wp-json\/wp\/v2\/categories?post=12578"},{"taxonomy":"post_tag","embeddable":true,"href":"https:\/\/lahora.mx\/index.php\/wp-json\/wp\/v2\/tags?post=12578"}],"curies":[{"name":"wp","href":"https:\/\/api.w.org\/{rel}","templated":true}]}}