{"id":12569,"date":"2022-08-29T22:34:54","date_gmt":"2022-08-29T22:34:54","guid":{"rendered":"http:\/\/lahora.mx\/?p=12569"},"modified":"2022-08-29T22:34:55","modified_gmt":"2022-08-29T22:34:55","slug":"80-policias-son-los-encargados-de-resguardar-a-los-alumnos-en-su-regreso-a-clases-en-puebla","status":"publish","type":"post","link":"https:\/\/lahora.mx\/index.php\/2022\/08\/29\/80-policias-son-los-encargados-de-resguardar-a-los-alumnos-en-su-regreso-a-clases-en-puebla\/","title":{"rendered":"80 polic\u00edas son los encargados de resguardar a los alumnos en su regreso a clases en Puebla"},"content":{"rendered":"\n<p>El ayuntamiento de Puebla puso en marcha el operativo \u201cRegreso a Clases\u201d, con 80 elementos de la Secretar\u00eda de Seguridad Ciudadana (SSC), para salvaguardar el ingreso de los miles de estudiantes de la ciudad.<\/p>\n\n\n\n<p>Desde el Centro Escolar Ni\u00f1os H\u00e9roes de Chapultepec (Cenhch), el alcalde panista Eduardo Rivera P\u00e9rez indic\u00f3 que el operativo ser\u00e1 permanente y se realizar\u00e1 en zonas escolares y avenidas principales.<\/p>\n\n\n\n<p>Expuso que en operativo \u00abRegreso a Clases\u00bb participaron 80 elementos, 14 motos y diez unidades, las cuales estar\u00e1n presentes en vialidades como: la 11 Sur, Bulevar 5 de Mayo, Circunvalaci\u00f3n y Valsequillo, Bulevar Hermanos Serd\u00e1n, entre otras m\u00e1s.<\/p>\n\n\n\n<p>Riveras P\u00e9rez invit\u00f3 a todos los ciudadanos a conducir con precauci\u00f3n, a respetar las se\u00f1ales de tr\u00e1nsito y los l\u00edmites de velocidad que se encuentran se\u00f1alizados.<\/p>\n\n\n\n<p>\u00abNo se vale conducir de manera irresponsable a alta velocidad por querer llegar temprano a la escuela, porque hemos visto que no est\u00e1n respetando las se\u00f1ales de tr\u00e1nsito y las bah\u00edas de descenso, eso la verdad puede provocar accidentes\u00bb, dijo.<\/p>\n\n\n\n<p>Indic\u00f3 que el ayuntamiento cuidar\u00e1 durante todo el ciclo escolar 2022-2023 que las entradas a las clases se realicen de manera ordenada, segura y responsable.<\/p>\n","protected":false},"excerpt":{"rendered":"<p>El ayuntamiento de Puebla puso en marcha el operativo \u201cRegreso a Clases\u201d, con 80 elementos de la Secretar\u00eda de Seguridad Ciudadana (SSC), para salvaguardar el ingreso de los miles de estudiantes de la ciudad. Desde el Centro Escolar Ni\u00f1os H\u00e9roes de Chapultepec (Cenhch), el alcalde panista Eduardo Rivera P\u00e9rez indic\u00f3 que el operativo ser\u00e1 permanente [&hellip;]<\/p>\n","protected":false},"author":4,"featured_media":12570,"comment_status":"open","ping_status":"open","sticky":false,"template":"","format":"standard","meta":{"om_disable_all_campaigns":false,"_monsterinsights_skip_tracking":false,"_monsterinsights_sitenote_active":false,"_monsterinsights_sitenote_note":"","_monsterinsights_sitenote_category":0,"footnotes":""},"categories":[175],"tags":[195,223],"class_list":["post-12569","post","type-post","status-publish","format-standard","has-post-thumbnail","hentry","category-local","tag-principal","tag-puebla"],"amp_enabled":true,"_links":{"self":[{"href":"https:\/\/lahora.mx\/index.php\/wp-json\/wp\/v2\/posts\/12569","targetHints":{"allow":["GET"]}}],"collection":[{"href":"https:\/\/lahora.mx\/index.php\/wp-json\/wp\/v2\/posts"}],"about":[{"href":"https:\/\/lahora.mx\/index.php\/wp-json\/wp\/v2\/types\/post"}],"author":[{"embeddable":true,"href":"https:\/\/lahora.mx\/index.php\/wp-json\/wp\/v2\/users\/4"}],"replies":[{"embeddable":true,"href":"https:\/\/lahora.mx\/index.php\/wp-json\/wp\/v2\/comments?post=12569"}],"version-history":[{"count":1,"href":"https:\/\/lahora.mx\/index.php\/wp-json\/wp\/v2\/posts\/12569\/revisions"}],"predecessor-version":[{"id":12571,"href":"https:\/\/lahora.mx\/index.php\/wp-json\/wp\/v2\/posts\/12569\/revisions\/12571"}],"wp:featuredmedia":[{"embeddable":true,"href":"https:\/\/lahora.mx\/index.php\/wp-json\/wp\/v2\/media\/12570"}],"wp:attachment":[{"href":"https:\/\/lahora.mx\/index.php\/wp-json\/wp\/v2\/media?parent=12569"}],"wp:term":[{"taxonomy":"category","embeddable":true,"href":"https:\/\/lahora.mx\/index.php\/wp-json\/wp\/v2\/categories?post=12569"},{"taxonomy":"post_tag","embeddable":true,"href":"https:\/\/lahora.mx\/index.php\/wp-json\/wp\/v2\/tags?post=12569"}],"curies":[{"name":"wp","href":"https:\/\/api.w.org\/{rel}","templated":true}]}}