{"id":12566,"date":"2022-08-29T22:10:03","date_gmt":"2022-08-29T22:10:03","guid":{"rendered":"http:\/\/lahora.mx\/?p=12566"},"modified":"2022-08-29T22:13:53","modified_gmt":"2022-08-29T22:13:53","slug":"amparo-libra-a-barcena-por-feminicidio-de-monzon","status":"publish","type":"post","link":"https:\/\/lahora.mx\/index.php\/2022\/08\/29\/amparo-libra-a-barcena-por-feminicidio-de-monzon\/","title":{"rendered":"Amparo libra a B\u00e1rcena por feminicidio de Monz\u00f3n"},"content":{"rendered":"\n<p>El Juzgado Tercero de Distrito de Amparo en Puebla concedi\u00f3 la protecci\u00f3n de la justicia a Santiago B\u00e1rcena \u00c1lvarez, exdelegado de la Secretar\u00eda de Relaciones Exteriores (SRE), contra su vinculaci\u00f3n a proceso por el feminicidio de la activista y abogada Cecilia Monz\u00f3n P\u00e9rez.<\/p>\n\n\n\n<p>No obstante, el acusado en grado de coautor material deber\u00e1 esperar si la Fiscal\u00eda General del Estado (FGE) interpone un recurso contra esta sentencia y que se lleve a cabo la audiencia correspondiente para saber si el juez de Control determina ponerlo en libertad.<\/p>\n\n\n\n<p>Como parte del juicio de amparo indirecto n\u00famero 699\/2022, el 25 de agosto el juez concluy\u00f3 que no hay elementos de prueba que acrediten que particip\u00f3 en el delito, del cual el excandidato del PRI a la gubernatura, Javier L\u00f3pez Zavala, es el presunto autor intelectual.<\/p>\n\n\n\n<p>Desde su detenci\u00f3n B\u00e1rcena \u00c1lvarez hab\u00eda argumentado que no ten\u00eda que ver en el crimen y solo habr\u00eda prestado su camioneta a L\u00f3pez Zavala porque este se lo pidi\u00f3 para ir a una boda en otro municipio, sin embargo, fue utilizada para que huyeran los sicarios que asesinaron a la abogada.<\/p>\n\n\n\n<p>Tras el amparo el juez orden\u00f3 que se lleve a cabo una nueva audiencia en la que se deba justificar los datos de prueba del caso, para que el juez de la causa penal 235\/ 2022\/Cholula emita un nuevo fallo, a favor o en contra del acusado.<br>Tal ordenamiento deber\u00e1 cumplirse en un t\u00e9rmino no mayor a 15 d\u00edas, tiempo en el que la fiscal\u00eda podr\u00eda interponer un recurso de revisi\u00f3n para intentar echar abajo el amparo, con lo cual el proceso podr\u00eda alargarse otros seis meses.<\/p>\n\n\n\n<p>Por el asesinato de Monz\u00f3n P\u00e9rez, perpetrado el 21 de mayo en la salida de Perif\u00e9rico Ecol\u00f3gico a Camino Real a Momoxpan, en San Pedro Cholula, est\u00e1n detenidos y vinculados a proceso L\u00f3pez Zavala; su sobrino, Jair Mauricio D. R., como autor material, y Silvestre, el otro autor material, quien estuvo pr\u00f3fugo dos meses hasta que el pasado 30 de julio fue detenido.<\/p>\n","protected":false},"excerpt":{"rendered":"<p>El Juzgado Tercero de Distrito de Amparo en Puebla concedi\u00f3 la protecci\u00f3n de la justicia a Santiago B\u00e1rcena \u00c1lvarez, exdelegado de la Secretar\u00eda de Relaciones Exteriores (SRE), contra su vinculaci\u00f3n a proceso por el feminicidio de la activista y abogada Cecilia Monz\u00f3n P\u00e9rez. No obstante, el acusado en grado de coautor material deber\u00e1 esperar si [&hellip;]<\/p>\n","protected":false},"author":4,"featured_media":12567,"comment_status":"open","ping_status":"open","sticky":false,"template":"","format":"standard","meta":{"om_disable_all_campaigns":false,"_monsterinsights_skip_tracking":false,"_monsterinsights_sitenote_active":false,"_monsterinsights_sitenote_note":"","_monsterinsights_sitenote_category":0,"footnotes":""},"categories":[175],"tags":[223],"class_list":["post-12566","post","type-post","status-publish","format-standard","has-post-thumbnail","hentry","category-local","tag-puebla"],"amp_enabled":true,"_links":{"self":[{"href":"https:\/\/lahora.mx\/index.php\/wp-json\/wp\/v2\/posts\/12566","targetHints":{"allow":["GET"]}}],"collection":[{"href":"https:\/\/lahora.mx\/index.php\/wp-json\/wp\/v2\/posts"}],"about":[{"href":"https:\/\/lahora.mx\/index.php\/wp-json\/wp\/v2\/types\/post"}],"author":[{"embeddable":true,"href":"https:\/\/lahora.mx\/index.php\/wp-json\/wp\/v2\/users\/4"}],"replies":[{"embeddable":true,"href":"https:\/\/lahora.mx\/index.php\/wp-json\/wp\/v2\/comments?post=12566"}],"version-history":[{"count":1,"href":"https:\/\/lahora.mx\/index.php\/wp-json\/wp\/v2\/posts\/12566\/revisions"}],"predecessor-version":[{"id":12568,"href":"https:\/\/lahora.mx\/index.php\/wp-json\/wp\/v2\/posts\/12566\/revisions\/12568"}],"wp:featuredmedia":[{"embeddable":true,"href":"https:\/\/lahora.mx\/index.php\/wp-json\/wp\/v2\/media\/12567"}],"wp:attachment":[{"href":"https:\/\/lahora.mx\/index.php\/wp-json\/wp\/v2\/media?parent=12566"}],"wp:term":[{"taxonomy":"category","embeddable":true,"href":"https:\/\/lahora.mx\/index.php\/wp-json\/wp\/v2\/categories?post=12566"},{"taxonomy":"post_tag","embeddable":true,"href":"https:\/\/lahora.mx\/index.php\/wp-json\/wp\/v2\/tags?post=12566"}],"curies":[{"name":"wp","href":"https:\/\/api.w.org\/{rel}","templated":true}]}}