{"id":12562,"date":"2022-08-29T21:42:32","date_gmt":"2022-08-29T21:42:32","guid":{"rendered":"http:\/\/lahora.mx\/?p=12562"},"modified":"2022-08-29T21:43:51","modified_gmt":"2022-08-29T21:43:51","slug":"barbosa-reprueba-a-mier-para-candidatura-y-exige-a-morena-no-imponerlo","status":"publish","type":"post","link":"https:\/\/lahora.mx\/index.php\/2022\/08\/29\/barbosa-reprueba-a-mier-para-candidatura-y-exige-a-morena-no-imponerlo\/","title":{"rendered":"Barbosa reprueba a Mier para candidatura y exige a Morena no imponerlo"},"content":{"rendered":"\n<p>Con ira el gobernador Luis Miguel Barbosa Huerta reprob\u00f3 el \u00abdestape\u00bb anticipado del diputado federal Ignacio Mier Velazco, y conden\u00f3 el apoyo que tuvo de la dirigencia nacional de Morena y pol\u00edticos nacionales, a quienes exigi\u00f3 no imponerlo como candidato a la gubernatura de Puebla en 2024.<\/p>\n\n\n\n<p>Tras el \u00abdestape\u00bb del s\u00e1bado el mandatario exigi\u00f3 este lunes ser consultado sobre la candidatura y que no se imponga desde el gobierno federal o la c\u00fapula de Morena, que encabeza Mario Delgado Carrillo, y llam\u00f3 a la militancia a demandar el derecho a la consulta o encuesta.<\/p>\n\n\n\n<p>Esto al se\u00f1alar que existen otros aspirantes -todos afines a \u00e9l- que tambi\u00e9n deben ser considerados, como el senador Alejandro Armenta Mier; el diputado local Sergio Salom\u00f3n C\u00e9spedes Peregrina; Melit\u00f3n Lozano P\u00e9rez, Olivia Salom\u00f3n Vivaldo y Gabriel Biestro Medinilla, secretarios de Educaci\u00f3n, Econom\u00eda y del Trabajo del gobierno estatal.<\/p>\n\n\n\n<p>\u00abA todos ellos, a Mario Delgado, a todos los factores nacionales que piensan que pueden imponer a Mier como candidato, les digo desde ac\u00e1 que en Puebla se tiene que respetar el derecho de los poblanos a decidir qui\u00e9n ser\u00e1 el candidato o la candidata. Aplicando los procedimientos legales y estatutarios: encuesta o consulta. No se trata de impedir que alguien no sea, sino de que no se imponga a alguien con discursos. Se tiene que respetar el derecho a eligir, y as\u00ed que gane Mier o cualquiera\u00bb, exigi\u00f3 en rueda de prensa.<\/p>\n\n\n\n<p>Barbosa Huerta tambi\u00e9n reclam\u00f3 a Delgado Carrillo y al diputado federal Gerardo Fern\u00e1ndez Noro\u00f1a los mensajes que le enviaron en el evento, donde le exigieron unidad en apoyo a Mier Velazco.<\/p>\n","protected":false},"excerpt":{"rendered":"<p>Con ira el gobernador Luis Miguel Barbosa Huerta reprob\u00f3 el \u00abdestape\u00bb anticipado del diputado federal Ignacio Mier Velazco, y conden\u00f3 el apoyo que tuvo de la dirigencia nacional de Morena y pol\u00edticos nacionales, a quienes exigi\u00f3 no imponerlo como candidato a la gubernatura de Puebla en 2024. Tras el \u00abdestape\u00bb del s\u00e1bado el mandatario exigi\u00f3 [&hellip;]<\/p>\n","protected":false},"author":4,"featured_media":12564,"comment_status":"open","ping_status":"open","sticky":false,"template":"","format":"standard","meta":{"om_disable_all_campaigns":false,"_monsterinsights_skip_tracking":false,"_monsterinsights_sitenote_active":false,"_monsterinsights_sitenote_note":"","_monsterinsights_sitenote_category":0,"footnotes":""},"categories":[175,226],"tags":[223],"class_list":["post-12562","post","type-post","status-publish","format-standard","has-post-thumbnail","hentry","category-local","category-policia","tag-puebla"],"amp_enabled":true,"_links":{"self":[{"href":"https:\/\/lahora.mx\/index.php\/wp-json\/wp\/v2\/posts\/12562","targetHints":{"allow":["GET"]}}],"collection":[{"href":"https:\/\/lahora.mx\/index.php\/wp-json\/wp\/v2\/posts"}],"about":[{"href":"https:\/\/lahora.mx\/index.php\/wp-json\/wp\/v2\/types\/post"}],"author":[{"embeddable":true,"href":"https:\/\/lahora.mx\/index.php\/wp-json\/wp\/v2\/users\/4"}],"replies":[{"embeddable":true,"href":"https:\/\/lahora.mx\/index.php\/wp-json\/wp\/v2\/comments?post=12562"}],"version-history":[{"count":1,"href":"https:\/\/lahora.mx\/index.php\/wp-json\/wp\/v2\/posts\/12562\/revisions"}],"predecessor-version":[{"id":12563,"href":"https:\/\/lahora.mx\/index.php\/wp-json\/wp\/v2\/posts\/12562\/revisions\/12563"}],"wp:featuredmedia":[{"embeddable":true,"href":"https:\/\/lahora.mx\/index.php\/wp-json\/wp\/v2\/media\/12564"}],"wp:attachment":[{"href":"https:\/\/lahora.mx\/index.php\/wp-json\/wp\/v2\/media?parent=12562"}],"wp:term":[{"taxonomy":"category","embeddable":true,"href":"https:\/\/lahora.mx\/index.php\/wp-json\/wp\/v2\/categories?post=12562"},{"taxonomy":"post_tag","embeddable":true,"href":"https:\/\/lahora.mx\/index.php\/wp-json\/wp\/v2\/tags?post=12562"}],"curies":[{"name":"wp","href":"https:\/\/api.w.org\/{rel}","templated":true}]}}