{"id":12552,"date":"2022-08-29T14:18:32","date_gmt":"2022-08-29T14:18:32","guid":{"rendered":"http:\/\/lahora.mx\/?p=12552"},"modified":"2022-08-29T14:18:33","modified_gmt":"2022-08-29T14:18:33","slug":"delfina-gomez-habla-sobre-criticas-a-nuevo-plan-de-estudios","status":"publish","type":"post","link":"https:\/\/lahora.mx\/index.php\/2022\/08\/29\/delfina-gomez-habla-sobre-criticas-a-nuevo-plan-de-estudios\/","title":{"rendered":"Delfina G\u00f3mez habla sobre cr\u00edticas a nuevo plan de estudios"},"content":{"rendered":"\n<p class=\"wp-block-paragraph\">Delfina G\u00f3mez, a\u00fan secretaria de Educaci\u00f3n P\u00fablica (SEP), sali\u00f3 a la defensa del Nuevo Plan de Estudios de Educaci\u00f3n B\u00e1sica, -que arrancar\u00e1 su prueba piloto a partir de octubre de 2022 en 30 escuelas por estado- y afirm\u00f3 que \u201cno es una ocurrencia\u201d.<\/p>\n\n\n\n<p class=\"wp-block-paragraph\">Durante la conferencia de prensa matutina de este lunes 29 de agosto, la funcionaria dio banderazo al ciclo escolar 2022-2023, con la asistencia de m\u00e1s de 24 millones de alumnos de preescolar, primaria y secundaria y destac\u00f3 la actualizaci\u00f3n de los contenidos de los libros de texto.<\/p>\n\n\n\n<p class=\"wp-block-paragraph\">\u201cEl Plan de Educaci\u00f3n B\u00e1sica no es de una ocurrencia como en algunos medios he escuchado o he le\u00eddo. Es producto de un trabajo que ha sido gracias no solamente a los maestros frente a grupo sino tambi\u00e9n expertos\u201d, asegur\u00f3 Delfina G\u00f3mez en Palacio Nacional.<\/p>\n\n\n\n<p class=\"wp-block-paragraph\">\u201cTodav\u00eda se est\u00e1 abierto a algunas observaciones, comentarios\u201d, record\u00f3.<\/p>\n\n\n\n<p class=\"wp-block-paragraph\">En este contexto, la pr\u00f3xima candidata de Morena a la gubernatura del Estado de M\u00e9xico se\u00f1al\u00f3 los \u201cavances\u201d que hubo en la secretaria durante los 18 meses en los que estuvo enfrente de la Instituci\u00f3n y subray\u00f3 los cuatro ejes fundamentales de su estrategia.<\/p>\n\n\n\n<p class=\"wp-block-paragraph\">Planes y programas de estudios (Libros de texto gratuitos)<br>Dignificaci\u00f3n del Magisterio<br>Programa La Escuela es Nuestra<br>Becas del Bienestar<br>Sobre el magisterio, G\u00f3mez \u00c1lvarez presumi\u00f3 el incremento salarial de hasta el 7.5 por ciento y la basificaci\u00f3n de 650 mil plazas. As\u00ed como la priorizaci\u00f3n de maestras y maestros durante el proceso de vacunaci\u00f3n contra el COVID-19.<\/p>\n\n\n\n<p class=\"wp-block-paragraph\">En cuento a las Becas para el Bienestar \u2018Benito Ju\u00e1rez\u2019, se destac\u00f3 que se han beneficiado a 3.8 millones de familias con alumnos en Educaci\u00f3n B\u00e1sica; 4.1 millones de beneficiarios de Educaci\u00f3n Media Superior y 410 mil j\u00f3venes beneficiarios del programa J\u00f3venes Construyendo el Futuro.<\/p>\n\n\n\n<p class=\"wp-block-paragraph\">Finalmente, la funcionaria indic\u00f3 que se va \u201cmuy contenta\u201d de la SEP, afirm\u00f3 que \u201chay muchas cosas por hacer\u201d y predijo que a Leticia Ram\u00edrez \u201cle va a ir muy bien\u201d.<\/p>\n","protected":false},"excerpt":{"rendered":"<p>Delfina G\u00f3mez, a\u00fan secretaria de Educaci\u00f3n P\u00fablica (SEP), sali\u00f3 a la defensa del Nuevo Plan de Estudios de Educaci\u00f3n B\u00e1sica, -que arrancar\u00e1 su prueba piloto a partir de octubre de 2022 en 30 escuelas por estado- y afirm\u00f3 que \u201cno es una ocurrencia\u201d. Durante la conferencia de prensa matutina de este lunes 29 de agosto, [&hellip;]<\/p>\n","protected":false},"author":4,"featured_media":12553,"comment_status":"open","ping_status":"open","sticky":false,"template":"","format":"standard","meta":{"om_disable_all_campaigns":false,"_monsterinsights_skip_tracking":false,"footnotes":""},"categories":[176],"tags":[195],"class_list":["post-12552","post","type-post","status-publish","format-standard","has-post-thumbnail","hentry","category-nacional","tag-principal"],"amp_enabled":true,"_links":{"self":[{"href":"https:\/\/lahora.mx\/index.php\/wp-json\/wp\/v2\/posts\/12552","targetHints":{"allow":["GET"]}}],"collection":[{"href":"https:\/\/lahora.mx\/index.php\/wp-json\/wp\/v2\/posts"}],"about":[{"href":"https:\/\/lahora.mx\/index.php\/wp-json\/wp\/v2\/types\/post"}],"author":[{"embeddable":true,"href":"https:\/\/lahora.mx\/index.php\/wp-json\/wp\/v2\/users\/4"}],"replies":[{"embeddable":true,"href":"https:\/\/lahora.mx\/index.php\/wp-json\/wp\/v2\/comments?post=12552"}],"version-history":[{"count":1,"href":"https:\/\/lahora.mx\/index.php\/wp-json\/wp\/v2\/posts\/12552\/revisions"}],"predecessor-version":[{"id":12554,"href":"https:\/\/lahora.mx\/index.php\/wp-json\/wp\/v2\/posts\/12552\/revisions\/12554"}],"wp:featuredmedia":[{"embeddable":true,"href":"https:\/\/lahora.mx\/index.php\/wp-json\/wp\/v2\/media\/12553"}],"wp:attachment":[{"href":"https:\/\/lahora.mx\/index.php\/wp-json\/wp\/v2\/media?parent=12552"}],"wp:term":[{"taxonomy":"category","embeddable":true,"href":"https:\/\/lahora.mx\/index.php\/wp-json\/wp\/v2\/categories?post=12552"},{"taxonomy":"post_tag","embeddable":true,"href":"https:\/\/lahora.mx\/index.php\/wp-json\/wp\/v2\/tags?post=12552"}],"curies":[{"name":"wp","href":"https:\/\/api.w.org\/{rel}","templated":true}]}}