{"id":12489,"date":"2022-08-27T21:22:24","date_gmt":"2022-08-27T21:22:24","guid":{"rendered":"http:\/\/lahora.mx\/?p=12489"},"modified":"2022-08-27T21:22:24","modified_gmt":"2022-08-27T21:22:24","slug":"eduardo-rivera-perez-entrega-condecoraciones-en-el-marco-del-dia-del-policia","status":"publish","type":"post","link":"https:\/\/lahora.mx\/index.php\/2022\/08\/27\/eduardo-rivera-perez-entrega-condecoraciones-en-el-marco-del-dia-del-policia\/","title":{"rendered":"Eduardo Rivera P\u00e9rez entrega condecoraciones en el marco del d\u00eda del Polic\u00eda"},"content":{"rendered":"\n<p>Con el objetivo de reconocer la labor de los elementos de la Secretar\u00eda de Seguridad Ciudadana (SSC) y de promover la actuaci\u00f3n ejemplar y sobresaliente de cada uno, Eduardo Rivera P\u00e9rez, Presidente Municipal de Puebla, entreg\u00f3 condecoraciones en el marco del \u00abD\u00eda del Polic\u00eda\u00bb por actos meritorios que fomenten la calidad y efectividad en el servicio.<\/p>\n\n\n\n<p>En la ceremonia el edil capitalino destac\u00f3 que \u00abhay que poner con el ejemplo y con acciones, en el centro de nuestro estado, de nuestro pa\u00eds, de nuestra ciudad, la labor de todos y cada uno de ustedes -las y los polic\u00edas-\u00ab, esto con el fin de dignificar y reconocer el papel que cumplen dentro de la sociedad.<br><br><\/p>\n\n\n\n<figure class=\"wp-block-image size-full\"><img fetchpriority=\"high\" decoding=\"async\" width=\"583\" height=\"391\" src=\"https:\/\/lahora.mx\/wp-content\/uploads\/2022\/08\/Captura-de-pantalla-2022-08-27-a-las-16.47.02-1.png\" alt=\"\" class=\"wp-image-12492\" srcset=\"https:\/\/lahora.mx\/wp-content\/uploads\/2022\/08\/Captura-de-pantalla-2022-08-27-a-las-16.47.02-1.png 583w, https:\/\/lahora.mx\/wp-content\/uploads\/2022\/08\/Captura-de-pantalla-2022-08-27-a-las-16.47.02-1-300x201.png 300w\" sizes=\"(max-width: 583px) 100vw, 583px\" \/><\/figure>\n\n\n\n<p>Es por ello que, de acuerdo a Ignacio Alarc\u00f3n Rodr\u00edguez Pacheco, Presidente del Consejo Coordinador Empresarial, el trabajo de la administraci\u00f3n de Rivera P\u00e9rez en contra de la delincuencia se refuerza a trav\u00e9s de la profesionalizaci\u00f3n y equipamiento de los elementos, as\u00ed como con la adquisici\u00f3n de nuevas patrullas, adem\u00e1s de la coordinaci\u00f3n en la resoluci\u00f3n de peticiones mediante las Mesas de Seguridad.<\/p>\n\n\n\n<p>En su oportunidad, Jos\u00e9 Mata Temoltzin, Rector de la Universidad An\u00e1huac Puebla y Coordinador del Consorcio Universitario cont\u00f3 que su hijo le dijo \u00abPap\u00e1, yo quiero ser polic\u00eda\u00bb, a lo que respondi\u00f3 acomp\u00e1\u00f1ame para que \u00abconozcas a los mejores, para que conozcas a los buenos, para que conozcas aquellos que nos van ayudando a hacer una mejor sociedad\u00bb, por ello agradeci\u00f3 a las familias de cada uno de los polic\u00edas por tener un elemento que da su vida por cuidar la seguridad de las y los poblanos, y que ayudan a construir una mejor sociedad.<\/p>\n\n\n\n<p>Por su parte, Mar\u00eda del Consuelo Cruz Galindo, Secretaria de Seguridad Ciudadana, exhort\u00f3 a las y los elementos que integran la Corporaci\u00f3n a que contin\u00faen desempe\u00f1\u00e1ndose con calidad de servicio, para brindar certeza y seguridad a las familias poblanas, pero sobre todo a mantener la lucha frontal y permanente contra la delincuencia con el prop\u00f3sito de tener una sociedad pac\u00edfica.<\/p>\n\n\n\n<p>En dicho evento, el alcalde de la ciudad, entreg\u00f3 varias condecoraciones a elementos: seis al M\u00e9rito Policial por su valor, honradez, iniciativa y eficiencia en el cumplimiento de su deber; tres al M\u00e9rito Tecnol\u00f3gico, por su ingenio e iniciativa para inventar, innovar y mejorar este aspecto en su trabajo; tres al M\u00e9rito Deportivo, por representar dignamente a la Secretar\u00eda en competencias y por promover el deporte, la disciplina y la salud f\u00edsica y mental.<\/p>\n\n\n\n<p>Tambi\u00e9n, uno al M\u00e9rito Social, por su calidez humana, solidaridad y por su labor en favor de la comunidad, poniendo en alto el prestigio de la Polic\u00eda; uno al M\u00e9rito Ejemplar, por su sensibilidad, empat\u00eda y apoyo con la Ni\u00f1ez y la Juventud Poblana, as\u00ed como por fomentar el altruismo en la SSC y en la Sociedad; y uno al M\u00e9rito Docente, por su amplia trayectoria y labor como instructor y maestro destacando siempre su profesionalismo y entrega.<\/p>\n\n\n\n<p>Asimismo, tambi\u00e9n se entreg\u00f3 el Premio Municipal al Buen Polic\u00eda a Luis Alberto V\u00e1zquez por su invaluable trayectoria, por su capacidad, disciplina y responsabilidad en su labor diaria, mediante acciones como la detenci\u00f3n de criminales asegurando grandes cantidades de drogas y armas.<\/p>\n\n\n\n<p>Es as\u00ed que, el Ayuntamiento de Puebla, a trav\u00e9s de la SSC, busca incentivar a quienes forman parte de las filas de la Polic\u00eda Municipal, para continuar trabajando en favor de la sociedad sin bajar la guardia ante situaciones que vulneren la tranquilidad de las familias poblanas.<\/p>\n\n\n\n<p>En esta ceremonia de reconocimiento tambi\u00e9n estuvieron presentes Jos\u00e9 Mart\u00edn Luna de la Luz, General de Brigada, Diplomado del Estado Mayor de<\/p>\n","protected":false},"excerpt":{"rendered":"<p>Con el objetivo de reconocer la labor de los elementos de la Secretar\u00eda de Seguridad Ciudadana (SSC) y de promover la actuaci\u00f3n ejemplar y sobresaliente de cada uno, Eduardo Rivera P\u00e9rez, Presidente Municipal de Puebla, entreg\u00f3 condecoraciones en el marco del \u00abD\u00eda del Polic\u00eda\u00bb por actos meritorios que fomenten la calidad y efectividad en el [&hellip;]<\/p>\n","protected":false},"author":4,"featured_media":12491,"comment_status":"open","ping_status":"open","sticky":false,"template":"","format":"standard","meta":{"om_disable_all_campaigns":false,"_monsterinsights_skip_tracking":false,"_monsterinsights_sitenote_active":false,"_monsterinsights_sitenote_note":"","_monsterinsights_sitenote_category":0,"footnotes":""},"categories":[175],"tags":[223],"class_list":["post-12489","post","type-post","status-publish","format-standard","has-post-thumbnail","hentry","category-local","tag-puebla"],"amp_enabled":true,"_links":{"self":[{"href":"https:\/\/lahora.mx\/index.php\/wp-json\/wp\/v2\/posts\/12489","targetHints":{"allow":["GET"]}}],"collection":[{"href":"https:\/\/lahora.mx\/index.php\/wp-json\/wp\/v2\/posts"}],"about":[{"href":"https:\/\/lahora.mx\/index.php\/wp-json\/wp\/v2\/types\/post"}],"author":[{"embeddable":true,"href":"https:\/\/lahora.mx\/index.php\/wp-json\/wp\/v2\/users\/4"}],"replies":[{"embeddable":true,"href":"https:\/\/lahora.mx\/index.php\/wp-json\/wp\/v2\/comments?post=12489"}],"version-history":[{"count":1,"href":"https:\/\/lahora.mx\/index.php\/wp-json\/wp\/v2\/posts\/12489\/revisions"}],"predecessor-version":[{"id":12493,"href":"https:\/\/lahora.mx\/index.php\/wp-json\/wp\/v2\/posts\/12489\/revisions\/12493"}],"wp:featuredmedia":[{"embeddable":true,"href":"https:\/\/lahora.mx\/index.php\/wp-json\/wp\/v2\/media\/12491"}],"wp:attachment":[{"href":"https:\/\/lahora.mx\/index.php\/wp-json\/wp\/v2\/media?parent=12489"}],"wp:term":[{"taxonomy":"category","embeddable":true,"href":"https:\/\/lahora.mx\/index.php\/wp-json\/wp\/v2\/categories?post=12489"},{"taxonomy":"post_tag","embeddable":true,"href":"https:\/\/lahora.mx\/index.php\/wp-json\/wp\/v2\/tags?post=12489"}],"curies":[{"name":"wp","href":"https:\/\/api.w.org\/{rel}","templated":true}]}}