{"id":12486,"date":"2022-08-27T20:18:14","date_gmt":"2022-08-27T20:18:14","guid":{"rendered":"http:\/\/lahora.mx\/?p=12486"},"modified":"2022-08-27T20:18:15","modified_gmt":"2022-08-27T20:18:15","slug":"ya-son-cuatro-los-huachigaseros-muertos-por-explosion-cerca-de-la-volkswagen","status":"publish","type":"post","link":"https:\/\/lahora.mx\/index.php\/2022\/08\/27\/ya-son-cuatro-los-huachigaseros-muertos-por-explosion-cerca-de-la-volkswagen\/","title":{"rendered":"Ya son cuatro los huachigaseros muertos por explosi\u00f3n cerca de la Volkswagen"},"content":{"rendered":"\n<p>La noche de este viernes muri\u00f3 la cuarta v\u00edctima por la explosi\u00f3n de la toma clandestina cercana a la armadora Volkswagen provocada cinco huachigaseros, trat\u00e1ndose de Mauri Iv\u00e1n R.H. de 23 a\u00f1os de edad. Con ello solo resta una persona de este hecho, que sigue con vida e internada en el hospital.<br><br>Fuentes informaron a CAMBIO que Mauri Iv\u00e1n falleci\u00f3 este viernes 26 de agosto a las 23 horas en el hospital de Traumatolog\u00eda y Ortopedia del sector salud, donde permanec\u00eda internado tras la explosi\u00f3n que ocurri\u00f3 la ma\u00f1ana del pasado lunes.<\/p>\n\n\n\n<p>Mauri muri\u00f3 por las heridas que present\u00f3 su cuerpo derivado de la explosi\u00f3n y ten\u00eda el 58 por ciento de su superficie corporal quemado, pese a los esfuerzos m\u00e9dicos no resisti\u00f3 y es por ello que falleci\u00f3 este viernes, es decir cuatro d\u00edas despu\u00e9s de este hecho.<\/p>\n\n\n\n<p>En total eran cinco los huachigaseros que se vieron involucrados en la explosi\u00f3n de la toma clandestina de gas LP que estaba al interior de una bodega cerca de la VW en San Lorenzo Almecatla, por este hecho todos ellos salieron lesionados pero a\u00fan con la piel expuesta abandonaron el inmueble, pues c\u00e1maras captaron que salieron corriendo aunque unos hasta con llamas en el cuerpo.<\/p>\n\n\n\n<p>Cabe mencionar que la primera v\u00edctima mortal muri\u00f3 el pasado jueves, posteriormente el viernes falleci\u00f3 por la ma\u00f1ana un joven de 24 a\u00f1os, al mediod\u00eda muri\u00f3 otro hombre y la noche de ese viernes falleci\u00f3 Mauri de 23 a\u00f1os.<\/p>\n\n\n\n<p>De los cinco, solo resta uno que permanece en dicho sanatorio con un pron\u00f3stico grave, trat\u00e1ndose del hombre de 36 a\u00f1os de edad que est\u00e1 debatiendose entre la vida y la muerte.<\/p>\n","protected":false},"excerpt":{"rendered":"<p>La noche de este viernes muri\u00f3 la cuarta v\u00edctima por la explosi\u00f3n de la toma clandestina cercana a la armadora Volkswagen provocada cinco huachigaseros, trat\u00e1ndose de Mauri Iv\u00e1n R.H. de 23 a\u00f1os de edad. Con ello solo resta una persona de este hecho, que sigue con vida e internada en el hospital. Fuentes informaron a [&hellip;]<\/p>\n","protected":false},"author":4,"featured_media":12487,"comment_status":"open","ping_status":"open","sticky":false,"template":"","format":"standard","meta":{"om_disable_all_campaigns":false,"_monsterinsights_skip_tracking":false,"_monsterinsights_sitenote_active":false,"_monsterinsights_sitenote_note":"","_monsterinsights_sitenote_category":0,"footnotes":""},"categories":[175],"tags":[],"class_list":["post-12486","post","type-post","status-publish","format-standard","has-post-thumbnail","hentry","category-local"],"amp_enabled":true,"_links":{"self":[{"href":"https:\/\/lahora.mx\/index.php\/wp-json\/wp\/v2\/posts\/12486","targetHints":{"allow":["GET"]}}],"collection":[{"href":"https:\/\/lahora.mx\/index.php\/wp-json\/wp\/v2\/posts"}],"about":[{"href":"https:\/\/lahora.mx\/index.php\/wp-json\/wp\/v2\/types\/post"}],"author":[{"embeddable":true,"href":"https:\/\/lahora.mx\/index.php\/wp-json\/wp\/v2\/users\/4"}],"replies":[{"embeddable":true,"href":"https:\/\/lahora.mx\/index.php\/wp-json\/wp\/v2\/comments?post=12486"}],"version-history":[{"count":1,"href":"https:\/\/lahora.mx\/index.php\/wp-json\/wp\/v2\/posts\/12486\/revisions"}],"predecessor-version":[{"id":12488,"href":"https:\/\/lahora.mx\/index.php\/wp-json\/wp\/v2\/posts\/12486\/revisions\/12488"}],"wp:featuredmedia":[{"embeddable":true,"href":"https:\/\/lahora.mx\/index.php\/wp-json\/wp\/v2\/media\/12487"}],"wp:attachment":[{"href":"https:\/\/lahora.mx\/index.php\/wp-json\/wp\/v2\/media?parent=12486"}],"wp:term":[{"taxonomy":"category","embeddable":true,"href":"https:\/\/lahora.mx\/index.php\/wp-json\/wp\/v2\/categories?post=12486"},{"taxonomy":"post_tag","embeddable":true,"href":"https:\/\/lahora.mx\/index.php\/wp-json\/wp\/v2\/tags?post=12486"}],"curies":[{"name":"wp","href":"https:\/\/api.w.org\/{rel}","templated":true}]}}