{"id":12472,"date":"2022-08-27T03:32:38","date_gmt":"2022-08-27T03:32:38","guid":{"rendered":"http:\/\/lahora.mx\/?p=12472"},"modified":"2022-08-27T03:32:39","modified_gmt":"2022-08-27T03:32:39","slug":"smidf-puebla-e-ijmp-dan-cierre-al-curso-de-verano-verano-con-rumbo-con-una-olimpiada-infantil","status":"publish","type":"post","link":"https:\/\/lahora.mx\/index.php\/2022\/08\/27\/smidf-puebla-e-ijmp-dan-cierre-al-curso-de-verano-verano-con-rumbo-con-una-olimpiada-infantil\/","title":{"rendered":"SMIDF Puebla e IJMP dan cierre al curso de verano \u00bb Verano con rumbo\u00bb con una olimpiada infantil"},"content":{"rendered":"\n<p>Con la \u201cOlimpiada con Rumbo\u201d el Sistema Municipal DIF (SMDIF), el Instituto de la Juventud del Municipio (IJMP) y la Asociaci\u00f3n Civil de J\u00f3venes FOLIVA, cerraron con broche de oro las actividades del \u201cVerano con Rumbo\u201d, en la que participaron 940 alumnas y alumnos que se inscribieron en las ocho escuelas de nivel primaria en la zona norte y sur de la ciudad de Puebla.<\/p>\n\n\n\n<p>Al inaugurar la Olimpiada con Rumbo, Liliana Ortiz P\u00e9rez, Presidenta del SMDIF, agradeci\u00f3 a la Universidad Mesoamericana por abrir las puertas de su plantel Sur y recibir a los m\u00e1s de 900 estudiantes que se inscribieron al curso de verano; adelant\u00f3 que estos esfuerzos se realizar\u00e1n el pr\u00f3ximo a\u00f1o debido a la gran respuesta de las familias poblanas, as\u00ed como para saldar las deudas pendientes con la educaci\u00f3n de las ni\u00f1as y ni\u00f1os despu\u00e9s de los dos a\u00f1os que estuvieron en casa por la pandemia de COVID -19.<\/p>\n\n\n\n<p>En su intervenci\u00f3n, Karla Mart\u00ednez Lechuga, titular del IJMP, reconoci\u00f3 el trabajo en equipo de la A.C. FOLIVA, as\u00ed como de los practicantes de la licenciatura en pedagog\u00eda, quienes impartieron todas las clases y actividades a lo largo del Verano con Rumbo, y en el gran cierre con la Olimpiada, donde las y los alumnos formaron equipos para representar a sus planteles en las disciplinas de basquetbol, f\u00fatbol y 100 metros planos de atletismo.<\/p>\n\n\n\n<p>Con estas acciones, el Ayuntamiento de Puebla que encabeza Eduardo Rivera P\u00e9rez, reafirma su compromiso con hacer valer y resguardar el derecho de todas las ni\u00f1as y ni\u00f1os a recibir educaci\u00f3n, adem\u00e1s de generar espacios seguros y de sana convivencia gracias a la transmisi\u00f3n de conocimientos a trav\u00e9s de din\u00e1micas y actividades l\u00fadicas, as\u00ed como deportes que les ayuden a desarrollar sus habilidades, construyendo as\u00ed, juventudes fuertes alejadas de los riesgos sociales y \u00e1vidas de entornos m\u00e1s saludables.<\/p>\n\n\n\n<p>En este cierre de actividades del \u201cVerano con Rumbo\u201d estuvieron Carolina Morales Garc\u00eda, Directora del SMDIF; Emmerson Torres Bautista Director General de FOLIVA y Salvador Calva Morales, Rector de la Universidad Mesoamericana<\/p>\n","protected":false},"excerpt":{"rendered":"<p>Con la \u201cOlimpiada con Rumbo\u201d el Sistema Municipal DIF (SMDIF), el Instituto de la Juventud del Municipio (IJMP) y la Asociaci\u00f3n Civil de J\u00f3venes FOLIVA, cerraron con broche de oro las actividades del \u201cVerano con Rumbo\u201d, en la que participaron 940 alumnas y alumnos que se inscribieron en las ocho escuelas de nivel primaria en [&hellip;]<\/p>\n","protected":false},"author":4,"featured_media":12473,"comment_status":"open","ping_status":"open","sticky":false,"template":"","format":"standard","meta":{"om_disable_all_campaigns":false,"_monsterinsights_skip_tracking":false,"_monsterinsights_sitenote_active":false,"_monsterinsights_sitenote_note":"","_monsterinsights_sitenote_category":0,"footnotes":""},"categories":[175],"tags":[223],"class_list":["post-12472","post","type-post","status-publish","format-standard","has-post-thumbnail","hentry","category-local","tag-puebla"],"amp_enabled":true,"_links":{"self":[{"href":"https:\/\/lahora.mx\/index.php\/wp-json\/wp\/v2\/posts\/12472","targetHints":{"allow":["GET"]}}],"collection":[{"href":"https:\/\/lahora.mx\/index.php\/wp-json\/wp\/v2\/posts"}],"about":[{"href":"https:\/\/lahora.mx\/index.php\/wp-json\/wp\/v2\/types\/post"}],"author":[{"embeddable":true,"href":"https:\/\/lahora.mx\/index.php\/wp-json\/wp\/v2\/users\/4"}],"replies":[{"embeddable":true,"href":"https:\/\/lahora.mx\/index.php\/wp-json\/wp\/v2\/comments?post=12472"}],"version-history":[{"count":1,"href":"https:\/\/lahora.mx\/index.php\/wp-json\/wp\/v2\/posts\/12472\/revisions"}],"predecessor-version":[{"id":12474,"href":"https:\/\/lahora.mx\/index.php\/wp-json\/wp\/v2\/posts\/12472\/revisions\/12474"}],"wp:featuredmedia":[{"embeddable":true,"href":"https:\/\/lahora.mx\/index.php\/wp-json\/wp\/v2\/media\/12473"}],"wp:attachment":[{"href":"https:\/\/lahora.mx\/index.php\/wp-json\/wp\/v2\/media?parent=12472"}],"wp:term":[{"taxonomy":"category","embeddable":true,"href":"https:\/\/lahora.mx\/index.php\/wp-json\/wp\/v2\/categories?post=12472"},{"taxonomy":"post_tag","embeddable":true,"href":"https:\/\/lahora.mx\/index.php\/wp-json\/wp\/v2\/tags?post=12472"}],"curies":[{"name":"wp","href":"https:\/\/api.w.org\/{rel}","templated":true}]}}