{"id":12449,"date":"2022-08-27T00:22:42","date_gmt":"2022-08-27T00:22:42","guid":{"rendered":"http:\/\/lahora.mx\/?p=12449"},"modified":"2022-08-27T00:22:43","modified_gmt":"2022-08-27T00:22:43","slug":"ya-estara-un-centro-de-atencion-para-personas-autistas-en-casa-de-angeles-puebla","status":"publish","type":"post","link":"https:\/\/lahora.mx\/index.php\/2022\/08\/27\/ya-estara-un-centro-de-atencion-para-personas-autistas-en-casa-de-angeles-puebla\/","title":{"rendered":"Ya estar\u00e1 un centro de atenci\u00f3n para personas autistas en Casa de \u00c1ngeles Puebla"},"content":{"rendered":"\n<p>Puebla contar\u00e1 con un centro de atenci\u00f3n para personas autistas, el cual ser\u00e1 constru\u00eddo en Casa de \u00c1ngeles.<\/p>\n\n\n\n<p>As\u00ed lo dio a conocer el gobernador Miguel Barbosa Huerta, quien refiri\u00f3 que el objetivo es brindar atenci\u00f3n a menores y personas adultas con este padecimiento.<\/p>\n\n\n\n<p>El centro contar\u00e1 con c\u00e1maras multisensoriales, donde bridar\u00e1 atenci\u00f3n al espectro autista, la cual se conforma con sala blanca, sala negra y una m\u00e1s conocida como aventuras.<\/p>\n\n\n\n<p>Inicialmente habr\u00e1 dos c\u00e1maras de este tipo pero el objetivo es tener m\u00e1s espacios.<\/p>\n\n\n\n<p>Cabe se\u00f1alar que en d\u00edas pasados, el gobierno estatal tambi\u00e9n anunci\u00f3 la creaci\u00f3n de un hospital de oncolog\u00eda dirigido a menores de edad.<\/p>\n","protected":false},"excerpt":{"rendered":"<p>Puebla contar\u00e1 con un centro de atenci\u00f3n para personas autistas, el cual ser\u00e1 constru\u00eddo en Casa de \u00c1ngeles. As\u00ed lo dio a conocer el gobernador Miguel Barbosa Huerta, quien refiri\u00f3 que el objetivo es brindar atenci\u00f3n a menores y personas adultas con este padecimiento. El centro contar\u00e1 con c\u00e1maras multisensoriales, donde bridar\u00e1 atenci\u00f3n al espectro [&hellip;]<\/p>\n","protected":false},"author":4,"featured_media":12450,"comment_status":"open","ping_status":"open","sticky":false,"template":"","format":"standard","meta":{"om_disable_all_campaigns":false,"_monsterinsights_skip_tracking":false,"_monsterinsights_sitenote_active":false,"_monsterinsights_sitenote_note":"","_monsterinsights_sitenote_category":0,"footnotes":""},"categories":[175],"tags":[223],"class_list":["post-12449","post","type-post","status-publish","format-standard","has-post-thumbnail","hentry","category-local","tag-puebla"],"amp_enabled":true,"_links":{"self":[{"href":"https:\/\/lahora.mx\/index.php\/wp-json\/wp\/v2\/posts\/12449","targetHints":{"allow":["GET"]}}],"collection":[{"href":"https:\/\/lahora.mx\/index.php\/wp-json\/wp\/v2\/posts"}],"about":[{"href":"https:\/\/lahora.mx\/index.php\/wp-json\/wp\/v2\/types\/post"}],"author":[{"embeddable":true,"href":"https:\/\/lahora.mx\/index.php\/wp-json\/wp\/v2\/users\/4"}],"replies":[{"embeddable":true,"href":"https:\/\/lahora.mx\/index.php\/wp-json\/wp\/v2\/comments?post=12449"}],"version-history":[{"count":1,"href":"https:\/\/lahora.mx\/index.php\/wp-json\/wp\/v2\/posts\/12449\/revisions"}],"predecessor-version":[{"id":12451,"href":"https:\/\/lahora.mx\/index.php\/wp-json\/wp\/v2\/posts\/12449\/revisions\/12451"}],"wp:featuredmedia":[{"embeddable":true,"href":"https:\/\/lahora.mx\/index.php\/wp-json\/wp\/v2\/media\/12450"}],"wp:attachment":[{"href":"https:\/\/lahora.mx\/index.php\/wp-json\/wp\/v2\/media?parent=12449"}],"wp:term":[{"taxonomy":"category","embeddable":true,"href":"https:\/\/lahora.mx\/index.php\/wp-json\/wp\/v2\/categories?post=12449"},{"taxonomy":"post_tag","embeddable":true,"href":"https:\/\/lahora.mx\/index.php\/wp-json\/wp\/v2\/tags?post=12449"}],"curies":[{"name":"wp","href":"https:\/\/api.w.org\/{rel}","templated":true}]}}