{"id":12390,"date":"2022-08-25T23:40:39","date_gmt":"2022-08-25T23:40:39","guid":{"rendered":"http:\/\/lahora.mx\/?p=12390"},"modified":"2022-08-25T23:40:39","modified_gmt":"2022-08-25T23:40:39","slug":"apoyo-de-titular-de-la-segob-federal-a-ignacio-mier-desequilibra-a-puebla-menciona-barbosa","status":"publish","type":"post","link":"https:\/\/lahora.mx\/index.php\/2022\/08\/25\/apoyo-de-titular-de-la-segob-federal-a-ignacio-mier-desequilibra-a-puebla-menciona-barbosa\/","title":{"rendered":"Apoyo de titular de la SEGOB Federal a Ignacio Mier desequilibra a Puebla menciona Barbosa"},"content":{"rendered":"\n<p>El gobernador Miguel Barbosa Huerta dej\u00f3 en claro que el pueblo definir\u00e1 a quien vaya a ser el candidato o candidata a la gubernatura del estado de Puebla.<\/p>\n\n\n\n<p>\u00ab\u2026 ser\u00e1 el pueblo el que defina a quien vaya a ser candidato o candidata a la gubernatura del estado de Puebla y no el secretario de Gobernaci\u00f3n\u00bb, dijo.<\/p>\n\n\n\n<p>Lo anterior, luego de que el titular federal de la SEGOB, Ad\u00e1n Augusto L\u00f3pez Hern\u00e1ndez mostr\u00f3 respaldo a Ignacio Mier en la b\u00fasqueda de la gubernatura en 2024, tras acudir a la inauguraci\u00f3n de la tercera reuni\u00f3n plenaria del Grupo Parlamentario de Morena en la C\u00e1mara de Diputados Federal.<\/p>\n\n\n\n<p>En el acto hubo gritos de \u00a1gobernador, gobernador! en apoyo Mier y el secretario se\u00f1al\u00f3 \u00abpues si el pueblo se amacha, verdad\u00bb.<\/p>\n\n\n\n<p>Por ello, Barbosa Huerta indic\u00f3, \u00ab\u2026 la misi\u00f3n del secretario de Gobernaci\u00f3n es equilibrar la pol\u00edtica nacional, se encarga de la gobernanza y lo hace extraordinariamente, pero este tema de desequilibrar las opiniones o percepci\u00f3n de quien pueda ser el candidato de Morena a la gubernatura de Puebla, es un asunto complicado\u2026 desequilibra la pol\u00edtica en Puebla ese tipo de comportamientos\u00bb, concluy\u00f3.<\/p>\n","protected":false},"excerpt":{"rendered":"<p>El gobernador Miguel Barbosa Huerta dej\u00f3 en claro que el pueblo definir\u00e1 a quien vaya a ser el candidato o candidata a la gubernatura del estado de Puebla. \u00ab\u2026 ser\u00e1 el pueblo el que defina a quien vaya a ser candidato o candidata a la gubernatura del estado de Puebla y no el secretario de [&hellip;]<\/p>\n","protected":false},"author":4,"featured_media":12391,"comment_status":"open","ping_status":"open","sticky":false,"template":"","format":"standard","meta":{"om_disable_all_campaigns":false,"_monsterinsights_skip_tracking":false,"_monsterinsights_sitenote_active":false,"_monsterinsights_sitenote_note":"","_monsterinsights_sitenote_category":0,"footnotes":""},"categories":[175],"tags":[223],"class_list":["post-12390","post","type-post","status-publish","format-standard","has-post-thumbnail","hentry","category-local","tag-puebla"],"amp_enabled":true,"_links":{"self":[{"href":"https:\/\/lahora.mx\/index.php\/wp-json\/wp\/v2\/posts\/12390","targetHints":{"allow":["GET"]}}],"collection":[{"href":"https:\/\/lahora.mx\/index.php\/wp-json\/wp\/v2\/posts"}],"about":[{"href":"https:\/\/lahora.mx\/index.php\/wp-json\/wp\/v2\/types\/post"}],"author":[{"embeddable":true,"href":"https:\/\/lahora.mx\/index.php\/wp-json\/wp\/v2\/users\/4"}],"replies":[{"embeddable":true,"href":"https:\/\/lahora.mx\/index.php\/wp-json\/wp\/v2\/comments?post=12390"}],"version-history":[{"count":1,"href":"https:\/\/lahora.mx\/index.php\/wp-json\/wp\/v2\/posts\/12390\/revisions"}],"predecessor-version":[{"id":12392,"href":"https:\/\/lahora.mx\/index.php\/wp-json\/wp\/v2\/posts\/12390\/revisions\/12392"}],"wp:featuredmedia":[{"embeddable":true,"href":"https:\/\/lahora.mx\/index.php\/wp-json\/wp\/v2\/media\/12391"}],"wp:attachment":[{"href":"https:\/\/lahora.mx\/index.php\/wp-json\/wp\/v2\/media?parent=12390"}],"wp:term":[{"taxonomy":"category","embeddable":true,"href":"https:\/\/lahora.mx\/index.php\/wp-json\/wp\/v2\/categories?post=12390"},{"taxonomy":"post_tag","embeddable":true,"href":"https:\/\/lahora.mx\/index.php\/wp-json\/wp\/v2\/tags?post=12390"}],"curies":[{"name":"wp","href":"https:\/\/api.w.org\/{rel}","templated":true}]}}