{"id":12365,"date":"2022-08-25T22:57:44","date_gmt":"2022-08-25T22:57:44","guid":{"rendered":"http:\/\/lahora.mx\/?p=12365"},"modified":"2022-08-25T22:58:16","modified_gmt":"2022-08-25T22:58:16","slug":"eduardo-rivera-llama-a-un-federalismo-responsable-en-favor-de-los-municipios-de-pais","status":"publish","type":"post","link":"https:\/\/lahora.mx\/index.php\/2022\/08\/25\/eduardo-rivera-llama-a-un-federalismo-responsable-en-favor-de-los-municipios-de-pais\/","title":{"rendered":"Eduardo rivera llama a un federalismo responsable en favor de los municipios de pa\u00eds"},"content":{"rendered":"\n<p>Como invitado especial al Congreso \u201cGobernanza e Innovaci\u00f3n Municipal\u201d, Eduardo Rivera P\u00e9rez, Alcalde de la capital poblana, puso sobre la mesa de debate del panel \u201cFederalismo Responsable\u201d algunos de los retos que enfrentan los gobiernos locales en materia de distribuci\u00f3n de los recursos federales.<\/p>\n\n\n\n<p>Fue desde la Ciudad de M\u00e9xico que el edil habl\u00f3 sobre la disparidad presupuestal y el recorte de partidas para los Municipios como los principales desaf\u00edos de las autoridades locales, ya que considera que no se cumplen ciertos principios de compensaci\u00f3n frente a las necesidades por densidad poblacional y recurso per c\u00e1pita.<\/p>\n\n\n\n<p>Es por ello que destac\u00f3 la importancia de que la Federaci\u00f3n voltee a ver a los Ayuntamientos, porque \u201cesto no se va a corregir, independientemente de que podamos rescatar fondos, independientemente de que podamos tener mayor coordinaci\u00f3n, si no hay una decisi\u00f3n de fondo en el dise\u00f1o del sistema pol\u00edtico mexicano, en donde podamos vernos, no como niveles, sino \u00f3rdenes de gobierno: la Federaci\u00f3n, los Municipios y los Estados en un trabajo de corresponsabilidad ante los problemas de pol\u00edticas p\u00fablicas que estamos enfrentando\u201d, expres\u00f3 entre otras propuestas, como impulsar una visi\u00f3n y uni\u00f3n territorial metropolitana, as\u00ed como planeaciones a mediano plazo y \u201cno s\u00f3lo pensar en tres a\u00f1os\u201d.<\/p>\n\n\n\n<p>Este evento logr\u00f3 reunir a expertos de primer nivel para analizar y discutir los diferentes desaf\u00edos en materia de Federalismo, Municipalismo, Gobernanza e Innovaci\u00f3n a nivel nacional, y fue organizado por la Fundaci\u00f3n Konrad Adenauer (KAS) y Centro de Investigaci\u00f3n y Estudios Locales PROLOCAL.<\/p>\n","protected":false},"excerpt":{"rendered":"<p>Como invitado especial al Congreso \u201cGobernanza e Innovaci\u00f3n Municipal\u201d, Eduardo Rivera P\u00e9rez, Alcalde de la capital poblana, puso sobre la mesa de debate del panel \u201cFederalismo Responsable\u201d algunos de los retos que enfrentan los gobiernos locales en materia de distribuci\u00f3n de los recursos federales. Fue desde la Ciudad de M\u00e9xico que el edil habl\u00f3 sobre [&hellip;]<\/p>\n","protected":false},"author":4,"featured_media":12367,"comment_status":"open","ping_status":"open","sticky":false,"template":"","format":"standard","meta":{"om_disable_all_campaigns":false,"_monsterinsights_skip_tracking":false,"_monsterinsights_sitenote_active":false,"_monsterinsights_sitenote_note":"","_monsterinsights_sitenote_category":0,"footnotes":""},"categories":[175],"tags":[223],"class_list":["post-12365","post","type-post","status-publish","format-standard","has-post-thumbnail","hentry","category-local","tag-puebla"],"amp_enabled":true,"_links":{"self":[{"href":"https:\/\/lahora.mx\/index.php\/wp-json\/wp\/v2\/posts\/12365","targetHints":{"allow":["GET"]}}],"collection":[{"href":"https:\/\/lahora.mx\/index.php\/wp-json\/wp\/v2\/posts"}],"about":[{"href":"https:\/\/lahora.mx\/index.php\/wp-json\/wp\/v2\/types\/post"}],"author":[{"embeddable":true,"href":"https:\/\/lahora.mx\/index.php\/wp-json\/wp\/v2\/users\/4"}],"replies":[{"embeddable":true,"href":"https:\/\/lahora.mx\/index.php\/wp-json\/wp\/v2\/comments?post=12365"}],"version-history":[{"count":1,"href":"https:\/\/lahora.mx\/index.php\/wp-json\/wp\/v2\/posts\/12365\/revisions"}],"predecessor-version":[{"id":12368,"href":"https:\/\/lahora.mx\/index.php\/wp-json\/wp\/v2\/posts\/12365\/revisions\/12368"}],"wp:featuredmedia":[{"embeddable":true,"href":"https:\/\/lahora.mx\/index.php\/wp-json\/wp\/v2\/media\/12367"}],"wp:attachment":[{"href":"https:\/\/lahora.mx\/index.php\/wp-json\/wp\/v2\/media?parent=12365"}],"wp:term":[{"taxonomy":"category","embeddable":true,"href":"https:\/\/lahora.mx\/index.php\/wp-json\/wp\/v2\/categories?post=12365"},{"taxonomy":"post_tag","embeddable":true,"href":"https:\/\/lahora.mx\/index.php\/wp-json\/wp\/v2\/tags?post=12365"}],"curies":[{"name":"wp","href":"https:\/\/api.w.org\/{rel}","templated":true}]}}