{"id":12359,"date":"2022-08-25T22:14:30","date_gmt":"2022-08-25T22:14:30","guid":{"rendered":"http:\/\/lahora.mx\/?p=12359"},"modified":"2022-08-25T22:14:31","modified_gmt":"2022-08-25T22:14:31","slug":"feria-del-empleo-organizada-por-el-gobierno-municipal-espera-la-ocupacion-de-mas-de-mil-300-vacantes","status":"publish","type":"post","link":"https:\/\/lahora.mx\/index.php\/2022\/08\/25\/feria-del-empleo-organizada-por-el-gobierno-municipal-espera-la-ocupacion-de-mas-de-mil-300-vacantes\/","title":{"rendered":"Feria del empleo organizada por el gobierno municipal espera la ocupaci\u00f3n de m\u00e1s de mil 300 vacantes"},"content":{"rendered":"\n<p>Parque Ju\u00e1rez ser\u00e1 tierra de oportunidades laborales para j\u00f3venes, adultos mayores y personas con discapacidad, pues al ser sede de la Primera Feria del Empleo 2022, por iniciativa de Eduardo Rivera P\u00e9rez, Presidente Municipal de Puebla, se estar\u00e1n ofertando mil 323 vacantes dirigidas especialmente a estos tres sectores sociales, con sueldos que van de los 4 mil hasta los 20 mil pesos.<\/p>\n\n\n\n<p>Ser\u00e1 hasta las 15:00 horas de este jueves 25 de agosto que las y los poblanos interesados podr\u00e1n acudir a dejar su CV y conocer a las 48 empresas que est\u00e1n participando en esta Feria, pues tal y como lo detallaron en la inauguraci\u00f3n Karla Mart\u00ednez Lechuga y Carolina Morales Garc\u00eda, titulares del Instituto Municipal de la Juventud y del Sistema Municipal DIF, respectivamente, la intenci\u00f3n es vincular a quienes laboralmente se encuentran excluidos por su edad, falta de experiencia o por su condici\u00f3n social.<\/p>\n\n\n\n<p>\u201cQueremos que muchas personas lleguen a su casa el d\u00eda de hoy con la satisfacci\u00f3n de haber conseguido trabajo\u201d, expres\u00f3 en su oportunidad Alejandro Ca\u00f1edo Priesca, Secretario de Econom\u00eda y Turismo, luego de precisar que 12 de las empresas ofertantes estar\u00e1n reclutando a personas con discapacidad y 22 de ellas a adultos mayores.<\/p>\n\n\n\n<p>Es as\u00ed como el Ayuntamiento de Puebla, en alianza con el Consejo Coordinador Empresarial que encabeza Ignacio Alarc\u00f3n Rodr\u00edguez Pacheco, hace extensiva la invitaci\u00f3n a la ciudadan\u00eda para que aproveche esta gran oportunidad que el Instituto Municipal de la Juventud, el Sistema Municipal DIF y la Secretar\u00eda de Econom\u00eda y Turismo traen para promover la inclusi\u00f3n laboral y la reactivaci\u00f3n econ\u00f3mica familiar.<\/p>\n\n\n\n<p>Acompa\u00f1aron la inauguraci\u00f3n de la Feria del Empleo 2022, Ricardo Grau de la Rosa, Regidor Presidente de la Comisi\u00f3n de Juventud y Deporte; Leobardo Soto Enr\u00edquez, Regidor Presidente de la Comisi\u00f3n del Trabajo; y Elisa Molina Rivera, Regidora Presidenta de la Comisi\u00f3n de Agenda 2030.<\/p>\n","protected":false},"excerpt":{"rendered":"<p>Parque Ju\u00e1rez ser\u00e1 tierra de oportunidades laborales para j\u00f3venes, adultos mayores y personas con discapacidad, pues al ser sede de la Primera Feria del Empleo 2022, por iniciativa de Eduardo Rivera P\u00e9rez, Presidente Municipal de Puebla, se estar\u00e1n ofertando mil 323 vacantes dirigidas especialmente a estos tres sectores sociales, con sueldos que van de los [&hellip;]<\/p>\n","protected":false},"author":4,"featured_media":12360,"comment_status":"open","ping_status":"open","sticky":false,"template":"","format":"standard","meta":{"om_disable_all_campaigns":false,"_monsterinsights_skip_tracking":false,"_monsterinsights_sitenote_active":false,"_monsterinsights_sitenote_note":"","_monsterinsights_sitenote_category":0,"footnotes":""},"categories":[175],"tags":[223],"class_list":["post-12359","post","type-post","status-publish","format-standard","has-post-thumbnail","hentry","category-local","tag-puebla"],"amp_enabled":true,"_links":{"self":[{"href":"https:\/\/lahora.mx\/index.php\/wp-json\/wp\/v2\/posts\/12359","targetHints":{"allow":["GET"]}}],"collection":[{"href":"https:\/\/lahora.mx\/index.php\/wp-json\/wp\/v2\/posts"}],"about":[{"href":"https:\/\/lahora.mx\/index.php\/wp-json\/wp\/v2\/types\/post"}],"author":[{"embeddable":true,"href":"https:\/\/lahora.mx\/index.php\/wp-json\/wp\/v2\/users\/4"}],"replies":[{"embeddable":true,"href":"https:\/\/lahora.mx\/index.php\/wp-json\/wp\/v2\/comments?post=12359"}],"version-history":[{"count":1,"href":"https:\/\/lahora.mx\/index.php\/wp-json\/wp\/v2\/posts\/12359\/revisions"}],"predecessor-version":[{"id":12361,"href":"https:\/\/lahora.mx\/index.php\/wp-json\/wp\/v2\/posts\/12359\/revisions\/12361"}],"wp:featuredmedia":[{"embeddable":true,"href":"https:\/\/lahora.mx\/index.php\/wp-json\/wp\/v2\/media\/12360"}],"wp:attachment":[{"href":"https:\/\/lahora.mx\/index.php\/wp-json\/wp\/v2\/media?parent=12359"}],"wp:term":[{"taxonomy":"category","embeddable":true,"href":"https:\/\/lahora.mx\/index.php\/wp-json\/wp\/v2\/categories?post=12359"},{"taxonomy":"post_tag","embeddable":true,"href":"https:\/\/lahora.mx\/index.php\/wp-json\/wp\/v2\/tags?post=12359"}],"curies":[{"name":"wp","href":"https:\/\/api.w.org\/{rel}","templated":true}]}}