{"id":12295,"date":"2022-08-24T21:23:34","date_gmt":"2022-08-24T21:23:34","guid":{"rendered":"http:\/\/lahora.mx\/?p=12295"},"modified":"2022-08-24T21:23:34","modified_gmt":"2022-08-24T21:23:34","slug":"radio-buap-una-ventana-hacia-la-comunidad-universitaria-rectora-lilia-cedillo","status":"publish","type":"post","link":"https:\/\/lahora.mx\/index.php\/2022\/08\/24\/radio-buap-una-ventana-hacia-la-comunidad-universitaria-rectora-lilia-cedillo\/","title":{"rendered":"Radio BUAP, una ventana hacia la comunidad universitaria: Rectora Lilia Cedillo"},"content":{"rendered":"\n<p>Desde que logr\u00f3 su primera transmisi\u00f3n, Radio BUAP ha sido un espacio para todos, una ventana hacia la comunidad universitaria, afirm\u00f3 la Rectora Lilia Cedillo Ram\u00edrez, al encabezar la ceremonia por el 25 aniversario de la creaci\u00f3n de la radio universitaria en la M\u00e1xima Casa de Estudios en Puebla, la cual se escucha por el 96.9 de FM.<\/p>\n\n\n\n<p>Cobijada por el entusiasmo de los estudiantes de la Facultad de Administraci\u00f3n, y en presencia del personal de esta emisora, la doctora Cedillo felicit\u00f3 a todo el equipo que hace posible esta comunicaci\u00f3n con diferentes sectores de la sociedad y con la propia comunidad universitaria.<\/p>\n\n\n\n<p>Record\u00f3 que como profesora e investigadora recurri\u00f3 muchas veces a los micr\u00f3fonos de la radio universitaria para hacer difusi\u00f3n de eventos acad\u00e9micos, logrando siempre una respuesta inmediata por parte de los radioescuchas, los cuales se han multiplicado a lo largo de estos a\u00f1os.<\/p>\n\n\n\n<p>En su intervenci\u00f3n, el vicerrector de Extensi\u00f3n y Difusi\u00f3n de la Cultura, Jos\u00e9 Carlos Bernal Su\u00e1rez, rememor\u00f3 la primera melod\u00eda que se escuch\u00f3 a trav\u00e9s de la frecuencia del 96.9 y c\u00f3mo se cristaliz\u00f3 el sue\u00f1o de Radio BUAP, un espacio que hoy es un referente en la oferta cultural en Puebla, adem\u00e1s de ser testigo de grandes cambios, entre estos el nuevo rumbo que hoy toma la instituci\u00f3n con la primera Rectora, Lilia Cedillo Ram\u00edrez, a quien agradeci\u00f3 su respaldo.<\/p>\n\n\n\n<p>Por su parte, Ricardo Cartas Figueroa, director de Radio y TV BUAP, mencion\u00f3 que desde que se hizo la primera solicitud de transmisi\u00f3n, en 1958, la universidad tuvo que esperar muchos a\u00f1os de cambios pol\u00edticos y sociales, para que finalmente y tras muchas gestiones, en el verano de 1997, saliera a la luz la primera emisi\u00f3n de Radio BUAP. Desde entonces ha mantenido el esp\u00edritu de una radio p\u00fablica y universitaria.<\/p>\n\n\n\n<p>En esta celebraci\u00f3n por los 25 a\u00f1os de la universidad en la radio tambi\u00e9n fueron recordados los fundadores, as\u00ed como aquellos colaboradores que ya no se encuentran f\u00edsicamente, pero que dejaron su huella en esta historia.<\/p>\n","protected":false},"excerpt":{"rendered":"<p>Desde que logr\u00f3 su primera transmisi\u00f3n, Radio BUAP ha sido un espacio para todos, una ventana hacia la comunidad universitaria, afirm\u00f3 la Rectora Lilia Cedillo Ram\u00edrez, al encabezar la ceremonia por el 25 aniversario de la creaci\u00f3n de la radio universitaria en la M\u00e1xima Casa de Estudios en Puebla, la cual se escucha por el [&hellip;]<\/p>\n","protected":false},"author":4,"featured_media":12297,"comment_status":"open","ping_status":"open","sticky":false,"template":"","format":"standard","meta":{"om_disable_all_campaigns":false,"_monsterinsights_skip_tracking":false,"_monsterinsights_sitenote_active":false,"_monsterinsights_sitenote_note":"","_monsterinsights_sitenote_category":0,"footnotes":""},"categories":[175],"tags":[186,223],"class_list":["post-12295","post","type-post","status-publish","format-standard","has-post-thumbnail","hentry","category-local","tag-buap","tag-puebla"],"amp_enabled":true,"_links":{"self":[{"href":"https:\/\/lahora.mx\/index.php\/wp-json\/wp\/v2\/posts\/12295","targetHints":{"allow":["GET"]}}],"collection":[{"href":"https:\/\/lahora.mx\/index.php\/wp-json\/wp\/v2\/posts"}],"about":[{"href":"https:\/\/lahora.mx\/index.php\/wp-json\/wp\/v2\/types\/post"}],"author":[{"embeddable":true,"href":"https:\/\/lahora.mx\/index.php\/wp-json\/wp\/v2\/users\/4"}],"replies":[{"embeddable":true,"href":"https:\/\/lahora.mx\/index.php\/wp-json\/wp\/v2\/comments?post=12295"}],"version-history":[{"count":2,"href":"https:\/\/lahora.mx\/index.php\/wp-json\/wp\/v2\/posts\/12295\/revisions"}],"predecessor-version":[{"id":13260,"href":"https:\/\/lahora.mx\/index.php\/wp-json\/wp\/v2\/posts\/12295\/revisions\/13260"}],"wp:featuredmedia":[{"embeddable":true,"href":"https:\/\/lahora.mx\/index.php\/wp-json\/wp\/v2\/media\/12297"}],"wp:attachment":[{"href":"https:\/\/lahora.mx\/index.php\/wp-json\/wp\/v2\/media?parent=12295"}],"wp:term":[{"taxonomy":"category","embeddable":true,"href":"https:\/\/lahora.mx\/index.php\/wp-json\/wp\/v2\/categories?post=12295"},{"taxonomy":"post_tag","embeddable":true,"href":"https:\/\/lahora.mx\/index.php\/wp-json\/wp\/v2\/tags?post=12295"}],"curies":[{"name":"wp","href":"https:\/\/api.w.org\/{rel}","templated":true}]}}