{"id":12260,"date":"2022-08-24T18:58:50","date_gmt":"2022-08-24T18:58:50","guid":{"rendered":"http:\/\/lahora.mx\/?p=12260"},"modified":"2022-08-24T18:58:51","modified_gmt":"2022-08-24T18:58:51","slug":"tras-incendiarse-su-camioneta-en-el-centro-historico-regidor-de-puebla-se-salva","status":"publish","type":"post","link":"https:\/\/lahora.mx\/index.php\/2022\/08\/24\/tras-incendiarse-su-camioneta-en-el-centro-historico-regidor-de-puebla-se-salva\/","title":{"rendered":"Tras incendiarse su camioneta en el Centro Hist\u00f3rico, regidor de Puebla  se salva"},"content":{"rendered":"\n<p>\u00c1ngel Rivera Ortega, regidor del Ayuntamiento de Puebla y titular de la Comisi\u00f3n de Infraestructura y Obra P\u00fablica del municipio, se salv\u00f3 de morir atrapado entre las llamas que este d\u00eda envolvieron la camioneta Ford color negro en la que viajaba y en la que se dirig\u00eda a Cabildo.<\/p>\n\n\n\n<p>Respecto a los hechos se sabe que el funcionario p\u00fablico circulaba a bordo de una camioneta doble cabina sobre la calle 2 Sur; entre las avenidas 25 y 27 Poniente observ\u00f3 que de su unidad comenz\u00f3 a salir humo del cofre por lo que se detuvo para ver qu\u00e9 ocurrir\u00eda y en ese instante not\u00f3 que del veh\u00edculo tambi\u00e9n sal\u00eda fuego.<br>De inmediato logr\u00f3 llamar al n\u00famero de emergencias 911, por lo que al sitio llegaron bomberos de Protecci\u00f3n Civil Municipal y del Estado, quienes realizaron maniobras de mitigaci\u00f3n de riesgos mientras que el regidor, con sueldo de 88 mil 158 pesos mensuales, se alej\u00f3 de la unidad para evitar sufrir alguna lesi\u00f3n.<\/p>\n\n\n\n<p>Tras diversas maniobras y en pocos minutos, los cuerpos de auxilio lograron controlar y sofocar las llamas, no obstante, el veh\u00edculo sufri\u00f3 severos da\u00f1os en su motor y el parabrisas. Aunque se presume que se trat\u00f3 de un corto circuito, no se confirm\u00f3 la causa del siniestro.<br>Tras el incendio a la camioneta del regidor de Puebla, la zona fue cerrada para los trabajos correspondientes y evitar una situaci\u00f3n de mayor riesgo.<\/p>\n","protected":false},"excerpt":{"rendered":"<p>\u00c1ngel Rivera Ortega, regidor del Ayuntamiento de Puebla y titular de la Comisi\u00f3n de Infraestructura y Obra P\u00fablica del municipio, se salv\u00f3 de morir atrapado entre las llamas que este d\u00eda envolvieron la camioneta Ford color negro en la que viajaba y en la que se dirig\u00eda a Cabildo. Respecto a los hechos se sabe [&hellip;]<\/p>\n","protected":false},"author":4,"featured_media":12262,"comment_status":"open","ping_status":"open","sticky":false,"template":"","format":"standard","meta":{"om_disable_all_campaigns":false,"_monsterinsights_skip_tracking":false,"_monsterinsights_sitenote_active":false,"_monsterinsights_sitenote_note":"","_monsterinsights_sitenote_category":0,"footnotes":""},"categories":[175],"tags":[223],"class_list":["post-12260","post","type-post","status-publish","format-standard","has-post-thumbnail","hentry","category-local","tag-puebla"],"amp_enabled":true,"_links":{"self":[{"href":"https:\/\/lahora.mx\/index.php\/wp-json\/wp\/v2\/posts\/12260","targetHints":{"allow":["GET"]}}],"collection":[{"href":"https:\/\/lahora.mx\/index.php\/wp-json\/wp\/v2\/posts"}],"about":[{"href":"https:\/\/lahora.mx\/index.php\/wp-json\/wp\/v2\/types\/post"}],"author":[{"embeddable":true,"href":"https:\/\/lahora.mx\/index.php\/wp-json\/wp\/v2\/users\/4"}],"replies":[{"embeddable":true,"href":"https:\/\/lahora.mx\/index.php\/wp-json\/wp\/v2\/comments?post=12260"}],"version-history":[{"count":1,"href":"https:\/\/lahora.mx\/index.php\/wp-json\/wp\/v2\/posts\/12260\/revisions"}],"predecessor-version":[{"id":12263,"href":"https:\/\/lahora.mx\/index.php\/wp-json\/wp\/v2\/posts\/12260\/revisions\/12263"}],"wp:featuredmedia":[{"embeddable":true,"href":"https:\/\/lahora.mx\/index.php\/wp-json\/wp\/v2\/media\/12262"}],"wp:attachment":[{"href":"https:\/\/lahora.mx\/index.php\/wp-json\/wp\/v2\/media?parent=12260"}],"wp:term":[{"taxonomy":"category","embeddable":true,"href":"https:\/\/lahora.mx\/index.php\/wp-json\/wp\/v2\/categories?post=12260"},{"taxonomy":"post_tag","embeddable":true,"href":"https:\/\/lahora.mx\/index.php\/wp-json\/wp\/v2\/tags?post=12260"}],"curies":[{"name":"wp","href":"https:\/\/api.w.org\/{rel}","templated":true}]}}