{"id":12244,"date":"2022-08-24T17:51:38","date_gmt":"2022-08-24T17:51:38","guid":{"rendered":"http:\/\/lahora.mx\/?p=12244"},"modified":"2022-08-24T17:51:40","modified_gmt":"2022-08-24T17:51:40","slug":"se-confirma-homicidio-en-penal-de-tepexi","status":"publish","type":"post","link":"https:\/\/lahora.mx\/index.php\/2022\/08\/24\/se-confirma-homicidio-en-penal-de-tepexi\/","title":{"rendered":"Se confirma homicidio en penal de Tepexi"},"content":{"rendered":"\n<p>Confirm\u00f3 el gobierno de Puebla el homicidio cometido en el Centro de Reinserci\u00f3n Social (Cereso) de Tepexi de Rodr\u00edguez, Puebla, entre los involucrados hay personas privadas de la libertad (PPL) y custodios del penal.<\/p>\n\n\n\n<p>El gobernador de Puebla, Luis Miguel Barbosa Huerta dijo que, sobre la muerte de Jorge Leonardo N., ya todo est\u00e1 encausado legalmente e incluso se relev\u00f3 a \u00d3scar Ortega Castillo, entre otros directivos del reclusorio.<br>\u201cHay que reconocer esto, no vamos a ocultarlo\u201d, expuso el mandatario y agreg\u00f3 que las razones de la muerte las determinara la investigaci\u00f3n procedente.<\/p>\n\n\n\n<p>Adem\u00e1s de que de todo lo ocurrido hay evidencia, en videos y declaraciones, por lo que el gobernador se comprometi\u00f3 a ser vigilante de que se ejecute la ley, pues todav\u00eda falta mucho por hacer en los reclusorios.<br>Desde el 19 de agosto la madre del preso asesinado exigi\u00f3 justicia a la Fiscal\u00eda General del Estado (FGE), al contar que su hijo no muri\u00f3 en una ri\u00f1a como indic\u00f3 la primera versi\u00f3n, sino a manos de uno de los custodios del penal como parte de un castigo.<\/p>\n\n\n\n<p>De acuerdo con la necropsia de ley result\u00f3 que el hombre muri\u00f3 por estallamiento de v\u00edsceras, pero antes sufri\u00f3 diversas lesiones, como la p\u00e9rdida del ojo izquierdo, por una lesi\u00f3n en el iris.<\/p>\n\n\n\n<p>En un primer momento no hubo detenidos por el homicidio, aunque unos audios en manos de la madre, expusieron que el asesinato fue presenciado por al menos 200 reclusos que observaron como lo sacaron de los talleres para despu\u00e9s propinarle una golpiza.<\/p>\n\n\n\n<p>Los supuestos responsables son el custodio \u00abEl Beta Uno\u00bb, otro apodado \u00abEl Albin\u00bb, el custodio \u00abMano negra\u00bb, el subdirector del penal Humberto Carrasco Aguilar, y el director \u00d3scar Ortega Castillo.<\/p>\n\n\n\n<p>Jorge Leonardo N., ingres\u00f3 al Cereso de San Miguel por robo calificado, pero a decir de la madre, a finales de diciembre de 2020 le imputaron un homicidio que no cometi\u00f3.<\/p>\n\n\n\n<p>En una denuncia desde ese a\u00f1o, la mujer dijo que le ofrecieron a su hijo 2 millones de pesos y s\u00f3lo 10 a\u00f1os de pena si se inculpaba por el homicidio del reo Cristian C\u00e9sar Salmer\u00f3n, quien muri\u00f3 en San Miguel, as\u00ed que luego fue trasladado al penal de Tepexi de Rodr\u00edguez, donde finalmente falleci\u00f3.<\/p>\n","protected":false},"excerpt":{"rendered":"<p>Confirm\u00f3 el gobierno de Puebla el homicidio cometido en el Centro de Reinserci\u00f3n Social (Cereso) de Tepexi de Rodr\u00edguez, Puebla, entre los involucrados hay personas privadas de la libertad (PPL) y custodios del penal. El gobernador de Puebla, Luis Miguel Barbosa Huerta dijo que, sobre la muerte de Jorge Leonardo N., ya todo est\u00e1 encausado [&hellip;]<\/p>\n","protected":false},"author":4,"featured_media":12245,"comment_status":"open","ping_status":"open","sticky":false,"template":"","format":"standard","meta":{"om_disable_all_campaigns":false,"_monsterinsights_skip_tracking":false,"_monsterinsights_sitenote_active":false,"_monsterinsights_sitenote_note":"","_monsterinsights_sitenote_category":0,"footnotes":""},"categories":[175],"tags":[223],"class_list":["post-12244","post","type-post","status-publish","format-standard","has-post-thumbnail","hentry","category-local","tag-puebla"],"amp_enabled":true,"_links":{"self":[{"href":"https:\/\/lahora.mx\/index.php\/wp-json\/wp\/v2\/posts\/12244","targetHints":{"allow":["GET"]}}],"collection":[{"href":"https:\/\/lahora.mx\/index.php\/wp-json\/wp\/v2\/posts"}],"about":[{"href":"https:\/\/lahora.mx\/index.php\/wp-json\/wp\/v2\/types\/post"}],"author":[{"embeddable":true,"href":"https:\/\/lahora.mx\/index.php\/wp-json\/wp\/v2\/users\/4"}],"replies":[{"embeddable":true,"href":"https:\/\/lahora.mx\/index.php\/wp-json\/wp\/v2\/comments?post=12244"}],"version-history":[{"count":1,"href":"https:\/\/lahora.mx\/index.php\/wp-json\/wp\/v2\/posts\/12244\/revisions"}],"predecessor-version":[{"id":12246,"href":"https:\/\/lahora.mx\/index.php\/wp-json\/wp\/v2\/posts\/12244\/revisions\/12246"}],"wp:featuredmedia":[{"embeddable":true,"href":"https:\/\/lahora.mx\/index.php\/wp-json\/wp\/v2\/media\/12245"}],"wp:attachment":[{"href":"https:\/\/lahora.mx\/index.php\/wp-json\/wp\/v2\/media?parent=12244"}],"wp:term":[{"taxonomy":"category","embeddable":true,"href":"https:\/\/lahora.mx\/index.php\/wp-json\/wp\/v2\/categories?post=12244"},{"taxonomy":"post_tag","embeddable":true,"href":"https:\/\/lahora.mx\/index.php\/wp-json\/wp\/v2\/tags?post=12244"}],"curies":[{"name":"wp","href":"https:\/\/api.w.org\/{rel}","templated":true}]}}