{"id":12241,"date":"2022-08-24T17:39:13","date_gmt":"2022-08-24T17:39:13","guid":{"rendered":"http:\/\/lahora.mx\/?p=12241"},"modified":"2022-08-24T17:39:14","modified_gmt":"2022-08-24T17:39:14","slug":"puebla-va-por-reforma-para-limitar-las-cuotas-escolares","status":"publish","type":"post","link":"https:\/\/lahora.mx\/index.php\/2022\/08\/24\/puebla-va-por-reforma-para-limitar-las-cuotas-escolares\/","title":{"rendered":"Puebla va por reforma para limitar las cuotas escolares"},"content":{"rendered":"\n<p>Para evitar robos de cuotas escolares en Puebla o abusos y saqueos en escuelas, legisladores locales de Morena y el PAN avalaron regular por ley los comit\u00e9s escolares y se anunci\u00f3 una reforma para regular las cuotas.<\/p>\n\n\n\n<p>Tras las denuncias de robo de cuotas en algunos colegios y luego de que madres de familia sugirieron regular los comit\u00e9s para obligarlos a actuar con transparencia y rendici\u00f3n de cuentas, la presidenta de la Comisi\u00f3n de la Familia y los Derechos de la Ni\u00f1ez, M\u00f3nica Rodr\u00edguez Della Vecchia (PAN), demand\u00f3 a la Secretar\u00eda de Educaci\u00f3n P\u00fablica (SEP) revisar la situaci\u00f3n, pues en muchos casos las cuotas son necesarias porque cubren servicios b\u00e1sicos, como agua potable o papel higi\u00e9nico, e incluso para reparar da\u00f1os estructurales.<br>La legisladora record\u00f3 que, por ley, la educaci\u00f3n es laica y gratuita, por lo tanto, solicit\u00f3 a la autoridad educativa revisar que no existan irregularidades ni peticiones fuera de la ley. A su vez, denunci\u00f3 que en el distrito 9 de Puebla capital hay escuelas que no han sido reparadas desde el sismo de septiembre de 2017.<\/p>\n\n\n\n<p>No dud\u00f3 que las cuotas puedan ser ocupadas para reparar fisuras que datan de hace casi cinco a\u00f1os o salones en riesgo de colapsar que el gobierno estatal no ha atendido.<\/p>\n\n\n\n<p>\u201cHay falta de atenci\u00f3n en las instalaciones, he visitado escuelas que ni siquiera tienen agua para los ba\u00f1os, las ni\u00f1as y los ni\u00f1os tienen que ir por agua en una cubeta para poder usar el ba\u00f1o y luego lavarse las manos. Son escuelas que no cuentan con los servicios b\u00e1sicos y espacios dignos\u201d, denunci\u00f3 en entrevista.<br><br>La diputada del PAN anunci\u00f3 que presentar\u00e1 un exhorto ante el Congreso local para que en el regreso a clases la SEP supervise todas las escuelas, a fin de que el alumnado tenga servicios b\u00e1sicos y se revisen los colegios con da\u00f1os estructurales.<\/p>\n\n\n\n<p>El diputado de Morena y presidente de la Comisi\u00f3n de Procuraci\u00f3n y Administraci\u00f3n de Justicia, adelant\u00f3 que este mi\u00e9rcoles presentar\u00e1 una iniciativa de reforma a la Ley de Educaci\u00f3n para evitar que haya cuotas escolares excesivas o abusos, lo que incluir\u00eda no solo a escuelas p\u00fablicas, sino tambi\u00e9n a privadas.<\/p>\n\n\n\n<p>\u201cSobre todo que no haya cuotas excesivas, que no haya abusos. Vamos a regular, lo que vamos a hacer a trav\u00e9s de esta ley es regular las cuotas\u201d, anunci\u00f3.<\/p>\n\n\n\n<p>Aunque no precis\u00f3 si habr\u00eda alg\u00fan monto l\u00edmite, Castillo L\u00f3pez mencion\u00f3 que el objetivo es evitar que directivos y escuelas cobren lo que quieran, pero advirti\u00f3 que la regulaci\u00f3n aplicar\u00eda no solo al sector educativo p\u00fablico, sino tambi\u00e9n al privado, donde las cuotas que se piden son excesivas, sin embargo, no se aplicar\u00e1n sanciones.<\/p>\n\n\n\n<p>Contrario a su compa\u00f1ero de partido, la diputada presidenta de la Comisi\u00f3n de Educaci\u00f3n en el Congreso, Xel Arianna Hern\u00e1ndez Garc\u00eda, rechaz\u00f3 la necesidad de regular los comit\u00e9s escolares por una autoridad fiscalizadora o educativa, debido a que las cuotas no son obligatorias, sino voluntarias.<\/p>\n\n\n\n<p>No obstante, coincidi\u00f3 en verificar que los recursos sean ejercidos en beneficio del alumnado, pues lo ideal es que las escuelas y padres concilien, permitiendo que directivos y docentes est\u00e9n pendientes del uso de las aportaciones.<\/p>\n\n\n\n<p>\u201cHablar de una regulaci\u00f3n directa a los comit\u00e9s de padres, lo considero algo innecesario de burocracia. Sin embargo, cabe mencionar la importancia de que ambas partes, tanto padres como personal escolar se preocupen por verificar que los recursos sean ejercidos en beneficio de las y los estudiantes\u201d, expres\u00f3.<\/p>\n","protected":false},"excerpt":{"rendered":"<p>Para evitar robos de cuotas escolares en Puebla o abusos y saqueos en escuelas, legisladores locales de Morena y el PAN avalaron regular por ley los comit\u00e9s escolares y se anunci\u00f3 una reforma para regular las cuotas. Tras las denuncias de robo de cuotas en algunos colegios y luego de que madres de familia sugirieron [&hellip;]<\/p>\n","protected":false},"author":4,"featured_media":12242,"comment_status":"open","ping_status":"open","sticky":false,"template":"","format":"standard","meta":{"om_disable_all_campaigns":false,"_monsterinsights_skip_tracking":false,"_monsterinsights_sitenote_active":false,"_monsterinsights_sitenote_note":"","_monsterinsights_sitenote_category":0,"footnotes":""},"categories":[175],"tags":[223],"class_list":["post-12241","post","type-post","status-publish","format-standard","has-post-thumbnail","hentry","category-local","tag-puebla"],"amp_enabled":true,"_links":{"self":[{"href":"https:\/\/lahora.mx\/index.php\/wp-json\/wp\/v2\/posts\/12241","targetHints":{"allow":["GET"]}}],"collection":[{"href":"https:\/\/lahora.mx\/index.php\/wp-json\/wp\/v2\/posts"}],"about":[{"href":"https:\/\/lahora.mx\/index.php\/wp-json\/wp\/v2\/types\/post"}],"author":[{"embeddable":true,"href":"https:\/\/lahora.mx\/index.php\/wp-json\/wp\/v2\/users\/4"}],"replies":[{"embeddable":true,"href":"https:\/\/lahora.mx\/index.php\/wp-json\/wp\/v2\/comments?post=12241"}],"version-history":[{"count":2,"href":"https:\/\/lahora.mx\/index.php\/wp-json\/wp\/v2\/posts\/12241\/revisions"}],"predecessor-version":[{"id":12690,"href":"https:\/\/lahora.mx\/index.php\/wp-json\/wp\/v2\/posts\/12241\/revisions\/12690"}],"wp:featuredmedia":[{"embeddable":true,"href":"https:\/\/lahora.mx\/index.php\/wp-json\/wp\/v2\/media\/12242"}],"wp:attachment":[{"href":"https:\/\/lahora.mx\/index.php\/wp-json\/wp\/v2\/media?parent=12241"}],"wp:term":[{"taxonomy":"category","embeddable":true,"href":"https:\/\/lahora.mx\/index.php\/wp-json\/wp\/v2\/categories?post=12241"},{"taxonomy":"post_tag","embeddable":true,"href":"https:\/\/lahora.mx\/index.php\/wp-json\/wp\/v2\/tags?post=12241"}],"curies":[{"name":"wp","href":"https:\/\/api.w.org\/{rel}","templated":true}]}}