{"id":12238,"date":"2022-08-24T17:30:38","date_gmt":"2022-08-24T17:30:38","guid":{"rendered":"http:\/\/lahora.mx\/?p=12238"},"modified":"2022-08-24T17:30:38","modified_gmt":"2022-08-24T17:30:38","slug":"a-mas-de-un-ano-por-fin-detienen-a-presunto-agresor-de-yaz-que-es-si-tio","status":"publish","type":"post","link":"https:\/\/lahora.mx\/index.php\/2022\/08\/24\/a-mas-de-un-ano-por-fin-detienen-a-presunto-agresor-de-yaz-que-es-si-tio\/","title":{"rendered":"A m\u00e1s de un a\u00f1o  por fin detienen a presunto agresor de Yaz que es si t\u00edo"},"content":{"rendered":"\n<p>A\u00f1o y medio despu\u00e9s de la muerte de la ni\u00f1a Yatziri, v\u00edctima de violencia familiar por parte de sus padres y su madrastra, el t\u00edo materno acusado de haberla violado, ya fue ubicado y detenido en la colonia Miravalle por agentes ministeriales de la Fiscal\u00eda General del Estado de Puebla (FGE).<\/p>\n\n\n\n<p>Se trata de Ricardo N., quien enfrenta cargos por el delito de violaci\u00f3n equiparada cometida en agravio de la ni\u00f1a Yatziri de tan solo 7 a\u00f1os de edad.<\/p>\n\n\n\n<p>La Fiscal\u00eda de Puebla se\u00f1al\u00f3 mediante comunicado de prensa que de acuerdo con sus investigaciones, la menor habitaba en un domicilio de la colonia Barranca Honda en la ciudad de Puebla en compa\u00f1\u00eda de su madre, su t\u00edo Ricardo N., y otros familiares.<\/p>\n\n\n\n<p>Yatziri y su infierno en casa<br>En agosto de 2019 presuntamente el hoy aprehendido mediante enga\u00f1os llev\u00f3 a la afectada a su cuarto donde la violent\u00f3 de forma sexual, hecho que la menor de edad le coment\u00f3 a su madre Alejandra Viridiana N., quien al parece la golpe\u00f3 y amenaz\u00f3 con volverle a pegar si le contaba lo sucedido a su padre.<\/p>\n\n\n\n<p>Report\u00f3 IMSS desde abril agresiones contra la peque\u00f1a Yaz<br>Al siguiente a\u00f1o 2020, la agraviada fue ingresada al Hospital La Margarita debido a las m\u00faltiples lesiones que pon\u00edan en riesgo su vida, raz\u00f3n por la que fueron aprehendidos sus progenitores Alejandra Viridiana N., y Rafael N., meses despu\u00e9s tambi\u00e9n fue detenida su madrastra M\u00f3nica Naxshely N.<\/p>\n\n\n\n<p>La v\u00edctima falleci\u00f3 en el nosocomio en diciembre de 2020, por ello, la Fiscal\u00eda de Puebla recab\u00f3 elementos de prueba que permitieron obtener la vinculaci\u00f3n a proceso de Alejandra Viridiana N., Rafael N., y M\u00f3nica Naxshely N., por el delito de feminicidio. Las tres personas permanecen en prisi\u00f3n preventiva.<\/p>\n\n\n\n<p>En seguimiento al caso, mediante actos y t\u00e9cnicas de investigaci\u00f3n, la Instituci\u00f3n de procuraci\u00f3n de justicia solicit\u00f3 y obtuvo orden de aprehensi\u00f3n contra Ricardo N., posible responsable del delito de violaci\u00f3n equiparada en agravio de su sobrina.<\/p>\n\n\n\n<p>Agentes investigadores detuvieron al hombre el 23 de agosto de 2022 en la colonia Miravalle y lo pusieron a disposici\u00f3n de la autoridad judicial.<\/p>\n\n\n\n<p>Fallece Yaz, la ni\u00f1a internada en el IMSS por maltrato infantil<br>Historia de Yatziri mueve a Puebla<br>Casi a final de agosto, el caso de Yatziri, una menor de edad de siete a\u00f1os estremeci\u00f3 a la sociedad poblana, ya que la ni\u00f1a hab\u00eda sido v\u00edctima de violencia presuntamente por parte de sus padres.<\/p>\n\n\n\n<p>Fue el 21 de agosto que en Urgencias del IMSS de la Margarita ingres\u00f3 la menor con un pulm\u00f3n colapsado y huellas de violaci\u00f3n; en un principio se dijo que su vecina la hab\u00eda rescatado del infierno que viv\u00eda en casa, aparentemente, a manos de los propios padres de la infante quien viv\u00eda en el domicilio de la abuela paterna en donde tambi\u00e9n habitaban sus probables verdugos.<\/p>\n\n\n\n<p>\u00abMejor quiero morirme, ya no me curen\u2026 no quiero regresar con mis padres para que me sigan pegando\u2026\u201d fueron las palabras que la peque\u00f1a Yatziri alcanz\u00f3 a decir a los m\u00e9dicos del de La Margarita, cuando era internada de emergencia.<br>Incluso trascendi\u00f3 que la madrastra se hizo pasar por la madre biol\u00f3gica (Alejandra), en agosto pasado, cuando llev\u00f3 a Yatziri al hospital del IMSS La Margarita; sin embargo posteriormente se present\u00f3 Alejandra para estar al pendiente de los cuidados de su hija.<\/p>\n\n\n\n<p>Hoy todos los involucrados en el maltrato y el presunto responsable de la violaci\u00f3n ya est\u00e1n detenidos, por lo que la Fiscal\u00eda de Puebla dio por concluida la investigaci\u00f3n en el caso.<\/p>\n","protected":false},"excerpt":{"rendered":"<p>A\u00f1o y medio despu\u00e9s de la muerte de la ni\u00f1a Yatziri, v\u00edctima de violencia familiar por parte de sus padres y su madrastra, el t\u00edo materno acusado de haberla violado, ya fue ubicado y detenido en la colonia Miravalle por agentes ministeriales de la Fiscal\u00eda General del Estado de Puebla (FGE). Se trata de Ricardo [&hellip;]<\/p>\n","protected":false},"author":4,"featured_media":12239,"comment_status":"open","ping_status":"open","sticky":false,"template":"","format":"standard","meta":{"om_disable_all_campaigns":false,"_monsterinsights_skip_tracking":false,"_monsterinsights_sitenote_active":false,"_monsterinsights_sitenote_note":"","_monsterinsights_sitenote_category":0,"footnotes":""},"categories":[175],"tags":[195,223],"class_list":["post-12238","post","type-post","status-publish","format-standard","has-post-thumbnail","hentry","category-local","tag-principal","tag-puebla"],"amp_enabled":true,"_links":{"self":[{"href":"https:\/\/lahora.mx\/index.php\/wp-json\/wp\/v2\/posts\/12238","targetHints":{"allow":["GET"]}}],"collection":[{"href":"https:\/\/lahora.mx\/index.php\/wp-json\/wp\/v2\/posts"}],"about":[{"href":"https:\/\/lahora.mx\/index.php\/wp-json\/wp\/v2\/types\/post"}],"author":[{"embeddable":true,"href":"https:\/\/lahora.mx\/index.php\/wp-json\/wp\/v2\/users\/4"}],"replies":[{"embeddable":true,"href":"https:\/\/lahora.mx\/index.php\/wp-json\/wp\/v2\/comments?post=12238"}],"version-history":[{"count":1,"href":"https:\/\/lahora.mx\/index.php\/wp-json\/wp\/v2\/posts\/12238\/revisions"}],"predecessor-version":[{"id":12240,"href":"https:\/\/lahora.mx\/index.php\/wp-json\/wp\/v2\/posts\/12238\/revisions\/12240"}],"wp:featuredmedia":[{"embeddable":true,"href":"https:\/\/lahora.mx\/index.php\/wp-json\/wp\/v2\/media\/12239"}],"wp:attachment":[{"href":"https:\/\/lahora.mx\/index.php\/wp-json\/wp\/v2\/media?parent=12238"}],"wp:term":[{"taxonomy":"category","embeddable":true,"href":"https:\/\/lahora.mx\/index.php\/wp-json\/wp\/v2\/categories?post=12238"},{"taxonomy":"post_tag","embeddable":true,"href":"https:\/\/lahora.mx\/index.php\/wp-json\/wp\/v2\/tags?post=12238"}],"curies":[{"name":"wp","href":"https:\/\/api.w.org\/{rel}","templated":true}]}}