{"id":12232,"date":"2022-08-24T13:55:37","date_gmt":"2022-08-24T13:55:37","guid":{"rendered":"http:\/\/lahora.mx\/?p=12232"},"modified":"2022-08-24T13:55:38","modified_gmt":"2022-08-24T13:55:38","slug":"preside-rectora-lilia-cedillo-graduacion-de-la-facultad-de-ciencias-de-la-computacion","status":"publish","type":"post","link":"https:\/\/lahora.mx\/index.php\/2022\/08\/24\/preside-rectora-lilia-cedillo-graduacion-de-la-facultad-de-ciencias-de-la-computacion\/","title":{"rendered":"Preside Rectora Lilia Cedillo graduaci\u00f3n de la Facultad de Ciencias de la Computaci\u00f3n"},"content":{"rendered":"\n<p>\u201cLa pandemia nos ense\u00f1\u00f3 a valorar lo que tenemos: la convivencia diaria, el abrazo y el cobijo de nuestros seres queridos; despu\u00e9s de esta, la luz aparece y ustedes representan esa luz que nos da esperanza\u201d, expres\u00f3 la Rectora Lilia Cedillo Ram\u00edrez, a 166 graduados de la Facultad de Ciencias de la Computaci\u00f3n (FCC), generaci\u00f3n 2017-2022, a quienes augur\u00f3 \u00e9xito en su vida profesional, ya que cuentan con herramientas y conocimientos para lograrlo.<\/p>\n\n\n\n<p>A los alumnos que culminaron sus estudios en las licenciaturas en Ciencias de la Computaci\u00f3n, Ingenier\u00eda en Ciencias de la Computaci\u00f3n e Ingenier\u00eda en Tecnolog\u00edas de la Informaci\u00f3n, les recalc\u00f3 que la BUAP siempre estar\u00e1 de su lado, cuando deseen regresar a estudiar un posgrado o requieran de alg\u00fan servicio.<\/p>\n\n\n\n<p>En la ceremonia de graduaci\u00f3n que tuvo lugar en el auditorio del Complejo Cultural Universitario, con la asistencia adem\u00e1s de familiares y amigos de los graduados, la directora de la FCC, Mar\u00eda del Consuelo Molina Garc\u00eda, destac\u00f3 que los estudiantes recibieron un programa educativo cien por ciento de calidad y muestra de ello es que de cada 10 que presentan el examen del Ceneval, ocho lo aprueban y cuatro con calificaci\u00f3n sobresaliente.<\/p>\n","protected":false},"excerpt":{"rendered":"<p>\u201cLa pandemia nos ense\u00f1\u00f3 a valorar lo que tenemos: la convivencia diaria, el abrazo y el cobijo de nuestros seres queridos; despu\u00e9s de esta, la luz aparece y ustedes representan esa luz que nos da esperanza\u201d, expres\u00f3 la Rectora Lilia Cedillo Ram\u00edrez, a 166 graduados de la Facultad de Ciencias de la Computaci\u00f3n (FCC), generaci\u00f3n [&hellip;]<\/p>\n","protected":false},"author":4,"featured_media":12233,"comment_status":"open","ping_status":"open","sticky":false,"template":"","format":"standard","meta":{"om_disable_all_campaigns":false,"_monsterinsights_skip_tracking":false,"_monsterinsights_sitenote_active":false,"_monsterinsights_sitenote_note":"","_monsterinsights_sitenote_category":0,"footnotes":""},"categories":[175],"tags":[186,223],"class_list":["post-12232","post","type-post","status-publish","format-standard","has-post-thumbnail","hentry","category-local","tag-buap","tag-puebla"],"amp_enabled":true,"_links":{"self":[{"href":"https:\/\/lahora.mx\/index.php\/wp-json\/wp\/v2\/posts\/12232","targetHints":{"allow":["GET"]}}],"collection":[{"href":"https:\/\/lahora.mx\/index.php\/wp-json\/wp\/v2\/posts"}],"about":[{"href":"https:\/\/lahora.mx\/index.php\/wp-json\/wp\/v2\/types\/post"}],"author":[{"embeddable":true,"href":"https:\/\/lahora.mx\/index.php\/wp-json\/wp\/v2\/users\/4"}],"replies":[{"embeddable":true,"href":"https:\/\/lahora.mx\/index.php\/wp-json\/wp\/v2\/comments?post=12232"}],"version-history":[{"count":2,"href":"https:\/\/lahora.mx\/index.php\/wp-json\/wp\/v2\/posts\/12232\/revisions"}],"predecessor-version":[{"id":13191,"href":"https:\/\/lahora.mx\/index.php\/wp-json\/wp\/v2\/posts\/12232\/revisions\/13191"}],"wp:featuredmedia":[{"embeddable":true,"href":"https:\/\/lahora.mx\/index.php\/wp-json\/wp\/v2\/media\/12233"}],"wp:attachment":[{"href":"https:\/\/lahora.mx\/index.php\/wp-json\/wp\/v2\/media?parent=12232"}],"wp:term":[{"taxonomy":"category","embeddable":true,"href":"https:\/\/lahora.mx\/index.php\/wp-json\/wp\/v2\/categories?post=12232"},{"taxonomy":"post_tag","embeddable":true,"href":"https:\/\/lahora.mx\/index.php\/wp-json\/wp\/v2\/tags?post=12232"}],"curies":[{"name":"wp","href":"https:\/\/api.w.org\/{rel}","templated":true}]}}