{"id":12219,"date":"2022-08-24T12:59:22","date_gmt":"2022-08-24T12:59:22","guid":{"rendered":"http:\/\/lahora.mx\/?p=12219"},"modified":"2022-08-24T12:59:23","modified_gmt":"2022-08-24T12:59:23","slug":"se-acelera-la-inflacion-en-mexico-a-8-62-en-primera-quincena-de-agosto","status":"publish","type":"post","link":"https:\/\/lahora.mx\/index.php\/2022\/08\/24\/se-acelera-la-inflacion-en-mexico-a-8-62-en-primera-quincena-de-agosto\/","title":{"rendered":"Se acelera la inflaci\u00f3n en M\u00e9xico a 8.62 % en primera quincena de agosto"},"content":{"rendered":"\n<p>La tasa de inflaci\u00f3n mexicana subi\u00f3 en la primera quincena de agosto de 2022 hasta el 8.62 por ciento, su mayor nivel desde el a\u00f1o 2000, inform\u00f3 el Instituto Nacional de Estad\u00edstica y Geograf\u00eda (Inegi).<br><\/p>\n\n\n\n<p>El dato anual de esta primera quincena de julio supone tambi\u00e9n un incremento frente al dato de todo el mes de julio, cuando la inflaci\u00f3n qued\u00f3 en un 8.15 por ciento interanual, su mayor nivel para un mes desde 2001.<\/p>\n\n\n\n<p>El Inegi record\u00f3 que en la misma quincena de 2021, hace justo un a\u00f1o, la inflaci\u00f3n quincenal fue de -0.02 por ciento y la tasa anual qued\u00f3 en 5.58 por ciento.<\/p>\n\n\n\n<p>El \u00edndice de precios subyacente, considerado un mejor par\u00e1metro para medir la carest\u00eda general porque elimina art\u00edculos de alta volatilidad en sus precios, creci\u00f3 0.49 por ciento a tasa quincenal y, anual, 7.97 por ciento.<\/p>\n\n\n\n<p>En el mismo periodo, el \u00edndice de precios no subyacente subi\u00f3 0.22 por ciento quincenal y 10.59 por ciento a tasa anual.<\/p>\n\n\n\n<p>Al interior del \u00edndice subyacente, a tasa quincenal, los precios de las mercanc\u00edas incrementaron 0.72 por ciento y los de servicios, 0.22 por ciento.<br><\/p>\n\n\n\n<p>Dentro del \u00edndice no subyacente, a tasa quincenal, los precios de los productos agropecuarios crecieron 0.45 por ciento y los de energ\u00e9ticos y tarifas autorizadas por el gobierno, 0.03 por ciento.<\/p>\n\n\n\n<p>Por \u00faltimo, el \u00edndice de precios de la canasta de consumo m\u00ednimo, conformada por 176 productos y servicios, aument\u00f3 0.61 por ciento quincenal y 9.48 % por ciento a tasa anual.<\/p>\n\n\n\n<p>Los precios al consumidor cerraron 2021 con una subida del 7.36 por ciento, un nivel no visto en 20 a\u00f1os por la alza de insumos b\u00e1sicos como los agropecuarios o la energ\u00eda.<\/p>\n\n\n\n<p>La inflaci\u00f3n de 2020 cerr\u00f3 en un 3.15 por ciento, mientras que en 2019 la inflaci\u00f3n fue del 2.83 por ciento y en 2018 los precios al consumidor se elevaron un 4.83 por ciento.<\/p>\n\n\n\n<p>La meta del Banco de M\u00e9xico (Banxico) es del 3 por ciento anual y los especialistas consultados por el banco central prev\u00e9n que la inflaci\u00f3n termine el a\u00f1o en 7.75 por ciento.<\/p>\n","protected":false},"excerpt":{"rendered":"<p>La tasa de inflaci\u00f3n mexicana subi\u00f3 en la primera quincena de agosto de 2022 hasta el 8.62 por ciento, su mayor nivel desde el a\u00f1o 2000, inform\u00f3 el Instituto Nacional de Estad\u00edstica y Geograf\u00eda (Inegi). El dato anual de esta primera quincena de julio supone tambi\u00e9n un incremento frente al dato de todo el mes [&hellip;]<\/p>\n","protected":false},"author":4,"featured_media":12220,"comment_status":"open","ping_status":"open","sticky":false,"template":"","format":"standard","meta":{"om_disable_all_campaigns":false,"_monsterinsights_skip_tracking":false,"_monsterinsights_sitenote_active":false,"_monsterinsights_sitenote_note":"","_monsterinsights_sitenote_category":0,"footnotes":""},"categories":[176,2],"tags":[29,195],"class_list":["post-12219","post","type-post","status-publish","format-standard","has-post-thumbnail","hentry","category-nacional","category-negocios","tag-business","tag-principal"],"amp_enabled":true,"_links":{"self":[{"href":"https:\/\/lahora.mx\/index.php\/wp-json\/wp\/v2\/posts\/12219","targetHints":{"allow":["GET"]}}],"collection":[{"href":"https:\/\/lahora.mx\/index.php\/wp-json\/wp\/v2\/posts"}],"about":[{"href":"https:\/\/lahora.mx\/index.php\/wp-json\/wp\/v2\/types\/post"}],"author":[{"embeddable":true,"href":"https:\/\/lahora.mx\/index.php\/wp-json\/wp\/v2\/users\/4"}],"replies":[{"embeddable":true,"href":"https:\/\/lahora.mx\/index.php\/wp-json\/wp\/v2\/comments?post=12219"}],"version-history":[{"count":1,"href":"https:\/\/lahora.mx\/index.php\/wp-json\/wp\/v2\/posts\/12219\/revisions"}],"predecessor-version":[{"id":12221,"href":"https:\/\/lahora.mx\/index.php\/wp-json\/wp\/v2\/posts\/12219\/revisions\/12221"}],"wp:featuredmedia":[{"embeddable":true,"href":"https:\/\/lahora.mx\/index.php\/wp-json\/wp\/v2\/media\/12220"}],"wp:attachment":[{"href":"https:\/\/lahora.mx\/index.php\/wp-json\/wp\/v2\/media?parent=12219"}],"wp:term":[{"taxonomy":"category","embeddable":true,"href":"https:\/\/lahora.mx\/index.php\/wp-json\/wp\/v2\/categories?post=12219"},{"taxonomy":"post_tag","embeddable":true,"href":"https:\/\/lahora.mx\/index.php\/wp-json\/wp\/v2\/tags?post=12219"}],"curies":[{"name":"wp","href":"https:\/\/api.w.org\/{rel}","templated":true}]}}