{"id":12204,"date":"2022-08-23T21:32:56","date_gmt":"2022-08-23T21:32:56","guid":{"rendered":"http:\/\/lahora.mx\/?p=12204"},"modified":"2022-08-23T21:32:57","modified_gmt":"2022-08-23T21:32:57","slug":"ya-suman-386-casos-de-viruela-del-mono-en-mexico-24-estados-tienen-contagios","status":"publish","type":"post","link":"https:\/\/lahora.mx\/index.php\/2022\/08\/23\/ya-suman-386-casos-de-viruela-del-mono-en-mexico-24-estados-tienen-contagios\/","title":{"rendered":"Ya suman 386 casos de viruela del mono en M\u00e9xico; 24 estados tienen contagios"},"content":{"rendered":"\n<p>Hasta el momento, de la poblaci\u00f3n afectada por la viruela del mono el 97% corresponde a hombres y el grupo etario m\u00e1s afectado es el de los 30 y 39 a\u00f1os con 182 de los 386 casos confirmados.<\/p>\n\n\n\n<p>Entre los contagios tambi\u00e9n se encuentran dos menores de 3 y 9 a\u00f1os, as\u00ed como dos personas de 18 a\u00f1os. S\u00f3lo el 3% de los contagios es en mujeres.<\/p>\n\n\n\n<p>El primer caso confirmado en M\u00e9xico ocurri\u00f3 el 28 de mayo de este a\u00f1o tras ser notificado un d\u00eda antes y corresponde a una persona que vive en la Ciudad de M\u00e9xico.<br><\/p>\n\n\n\n<p>Los casos de viruela del mono ya no se concentran en 20 estados, ya que en una semana se reportaron contagios en cuatro entidades m\u00e1s.<\/p>\n\n\n\n<p>De las entidades afectadas por esta enfermedad, la Ciudad de M\u00e9xico es la que m\u00e1s contagios reporta tras pasar de 141 a 209. Aqu\u00ed te presentamos la lista de estados y los casos que tienen hasta el momento.<\/p>\n\n\n\n<p>Ciudad de M\u00e9xico &#8211; De 141 a 209<br>Jalisco &#8211; De 46 a 69<br>Edomex &#8211; De 9 a 21<br>Yucat\u00e1n &#8211; De 15 a 20<br>Quintana Roo &#8211; De 9 a 12<br>Baja California &#8211; DE 4 a 8<br>Nuevo Le\u00f3n &#8211; De 4 a 7<br>Chiapas &#8211; De 4 a 5<br>Veracruz &#8211; De 4 a 5<br>Puebla &#8211; De 2 a 4<br>Tabasco &#8211; De 3 a 4<br>Morelos &#8211; De 1 a 3<br>Oaxaca &#8211; Se mantiene en 2<br>Colima &#8211; Sigue con dos<br>Chihuahua &#8211; De 1 a 2<br>Guanajuato &#8211; Reporta 2*<br>Quer\u00e9taro &#8211; De 1 a 2<br>Sinaloa &#8211; De 1 a 2<br>Sonora &#8211; Reporta 2*<br>Aguascalientes &#8211; Reporta 1*<br>Baja California Sur &#8211; Se mantiene en 1<br>Coahuila &#8211; Reporta 1*<br>Michoac\u00e1n &#8211; Se mantiene en 1<br>SLP &#8211; Sigue con 1<\/p>\n","protected":false},"excerpt":{"rendered":"<p>Hasta el momento, de la poblaci\u00f3n afectada por la viruela del mono el 97% corresponde a hombres y el grupo etario m\u00e1s afectado es el de los 30 y 39 a\u00f1os con 182 de los 386 casos confirmados. Entre los contagios tambi\u00e9n se encuentran dos menores de 3 y 9 a\u00f1os, as\u00ed como dos personas [&hellip;]<\/p>\n","protected":false},"author":4,"featured_media":12205,"comment_status":"open","ping_status":"open","sticky":false,"template":"","format":"standard","meta":{"om_disable_all_campaigns":false,"_monsterinsights_skip_tracking":false,"_monsterinsights_sitenote_active":false,"_monsterinsights_sitenote_note":"","_monsterinsights_sitenote_category":0,"footnotes":""},"categories":[176],"tags":[195],"class_list":["post-12204","post","type-post","status-publish","format-standard","has-post-thumbnail","hentry","category-nacional","tag-principal"],"amp_enabled":true,"_links":{"self":[{"href":"https:\/\/lahora.mx\/index.php\/wp-json\/wp\/v2\/posts\/12204","targetHints":{"allow":["GET"]}}],"collection":[{"href":"https:\/\/lahora.mx\/index.php\/wp-json\/wp\/v2\/posts"}],"about":[{"href":"https:\/\/lahora.mx\/index.php\/wp-json\/wp\/v2\/types\/post"}],"author":[{"embeddable":true,"href":"https:\/\/lahora.mx\/index.php\/wp-json\/wp\/v2\/users\/4"}],"replies":[{"embeddable":true,"href":"https:\/\/lahora.mx\/index.php\/wp-json\/wp\/v2\/comments?post=12204"}],"version-history":[{"count":1,"href":"https:\/\/lahora.mx\/index.php\/wp-json\/wp\/v2\/posts\/12204\/revisions"}],"predecessor-version":[{"id":12206,"href":"https:\/\/lahora.mx\/index.php\/wp-json\/wp\/v2\/posts\/12204\/revisions\/12206"}],"wp:featuredmedia":[{"embeddable":true,"href":"https:\/\/lahora.mx\/index.php\/wp-json\/wp\/v2\/media\/12205"}],"wp:attachment":[{"href":"https:\/\/lahora.mx\/index.php\/wp-json\/wp\/v2\/media?parent=12204"}],"wp:term":[{"taxonomy":"category","embeddable":true,"href":"https:\/\/lahora.mx\/index.php\/wp-json\/wp\/v2\/categories?post=12204"},{"taxonomy":"post_tag","embeddable":true,"href":"https:\/\/lahora.mx\/index.php\/wp-json\/wp\/v2\/tags?post=12204"}],"curies":[{"name":"wp","href":"https:\/\/api.w.org\/{rel}","templated":true}]}}