{"id":12180,"date":"2022-08-23T15:15:16","date_gmt":"2022-08-23T15:15:16","guid":{"rendered":"http:\/\/lahora.mx\/?p=12180"},"modified":"2022-08-23T15:15:17","modified_gmt":"2022-08-23T15:15:17","slug":"gobierno-preve-repunte-de-contagios-a-finales-del-ano","status":"publish","type":"post","link":"https:\/\/lahora.mx\/index.php\/2022\/08\/23\/gobierno-preve-repunte-de-contagios-a-finales-del-ano\/","title":{"rendered":"Gobierno prev\u00e9 repunte de contagios a finales del a\u00f1o"},"content":{"rendered":"\n<p>Las autoridades de salud prev\u00e9n un repunte de casos de COVID-19 en M\u00e9xico en los \u00faltimos tres meses del a\u00f1o.<\/p>\n\n\n\n<p>Seg\u00fan explic\u00f3 este martes el subsecretario de Salud, Hugo L\u00f3pez-Gatell, a nivel mundial se est\u00e1 reconfigurando una tendencia en la que comienzan a existir olas de contagio que pudieran sincronizarse con las temporadas de fr\u00edo al tiempo que persisten algunos pa\u00edses como M\u00e9xico, donde a\u00fan surgen olas fuera de esta temporada.<br><\/p>\n\n\n\n<p>\u201cEsto quiere decir que no descartamos que en octubre, noviembre, diciembre pudiera haber un repunte de nueva cuenta que signifique el establecimiento de un patr\u00f3n m\u00e1s regular en las estaciones de fr\u00edo\u201d, detall\u00f3.<\/p>\n\n\n\n<p>La predicci\u00f3n del gobierno es que el COVID-19 se establezca como una enfermedad end\u00e9mica, con las fluctuaciones caracter\u00edsticas de las enfermedades respiratorias, que aumentan con el fr\u00edo y reducen en la temporada de calor.<\/p>\n\n\n\n<p>Muertes por COVID-19 en M\u00e9xico van a la baja<br>Durante seis semanas consecutivas se han reducido los casos diarios de COVID en M\u00e9xico. Al corte de este lunes se reportaron mil 187 contagios, la cifra m\u00e1s baja reportada por la Secretar\u00eda de Salud desde el 7 de junio.<\/p>\n\n\n\n<p>\u201cEstamos ya por debajo de lo que tuvimos como punto m\u00e1ximo en la primera ola que fue en la que tuvimos la menor cantidad de casos, estamos ya nuevamente hacia un punto de receso\u201d, expuso L\u00f3pez-Gatell.<\/p>\n\n\n\n<p>Las defunciones tambi\u00e9n muestran una tendencia a la baja en las \u00faltimas cuatro semanas. En la semana 33, del 14 al 20 de agosto, solo se registraron dos muertes por COVID, en comparaci\u00f3n de las 81 reportadas en la semana del 17 al 23 de julio, de acuerdo con las cifras presentadas.<\/p>\n\n\n\n<p>\u201cLa mortalidad empieza a reducirse de 15 a 21 d\u00edas despu\u00e9s de que reducen los casos y es lo que ocurri\u00f3 tal como lo hab\u00edamos predicho\u201d, agreg\u00f3 el funcionario.<\/p>\n\n\n\n<p>En el caso de hospitalizaciones, se tiene el seis por ciento de ocupaci\u00f3n de camas generales y dos por ciento de las unidades de atenci\u00f3n intensiva.<\/p>\n","protected":false},"excerpt":{"rendered":"<p>Las autoridades de salud prev\u00e9n un repunte de casos de COVID-19 en M\u00e9xico en los \u00faltimos tres meses del a\u00f1o. Seg\u00fan explic\u00f3 este martes el subsecretario de Salud, Hugo L\u00f3pez-Gatell, a nivel mundial se est\u00e1 reconfigurando una tendencia en la que comienzan a existir olas de contagio que pudieran sincronizarse con las temporadas de fr\u00edo [&hellip;]<\/p>\n","protected":false},"author":4,"featured_media":12181,"comment_status":"open","ping_status":"open","sticky":false,"template":"","format":"standard","meta":{"om_disable_all_campaigns":false,"_monsterinsights_skip_tracking":false,"_monsterinsights_sitenote_active":false,"_monsterinsights_sitenote_note":"","_monsterinsights_sitenote_category":0,"footnotes":""},"categories":[176],"tags":[],"class_list":["post-12180","post","type-post","status-publish","format-standard","has-post-thumbnail","hentry","category-nacional"],"amp_enabled":true,"_links":{"self":[{"href":"https:\/\/lahora.mx\/index.php\/wp-json\/wp\/v2\/posts\/12180","targetHints":{"allow":["GET"]}}],"collection":[{"href":"https:\/\/lahora.mx\/index.php\/wp-json\/wp\/v2\/posts"}],"about":[{"href":"https:\/\/lahora.mx\/index.php\/wp-json\/wp\/v2\/types\/post"}],"author":[{"embeddable":true,"href":"https:\/\/lahora.mx\/index.php\/wp-json\/wp\/v2\/users\/4"}],"replies":[{"embeddable":true,"href":"https:\/\/lahora.mx\/index.php\/wp-json\/wp\/v2\/comments?post=12180"}],"version-history":[{"count":1,"href":"https:\/\/lahora.mx\/index.php\/wp-json\/wp\/v2\/posts\/12180\/revisions"}],"predecessor-version":[{"id":12182,"href":"https:\/\/lahora.mx\/index.php\/wp-json\/wp\/v2\/posts\/12180\/revisions\/12182"}],"wp:featuredmedia":[{"embeddable":true,"href":"https:\/\/lahora.mx\/index.php\/wp-json\/wp\/v2\/media\/12181"}],"wp:attachment":[{"href":"https:\/\/lahora.mx\/index.php\/wp-json\/wp\/v2\/media?parent=12180"}],"wp:term":[{"taxonomy":"category","embeddable":true,"href":"https:\/\/lahora.mx\/index.php\/wp-json\/wp\/v2\/categories?post=12180"},{"taxonomy":"post_tag","embeddable":true,"href":"https:\/\/lahora.mx\/index.php\/wp-json\/wp\/v2\/tags?post=12180"}],"curies":[{"name":"wp","href":"https:\/\/api.w.org\/{rel}","templated":true}]}}