{"id":12170,"date":"2022-08-22T23:02:04","date_gmt":"2022-08-22T23:02:04","guid":{"rendered":"http:\/\/lahora.mx\/?p=12170"},"modified":"2022-08-22T23:02:05","modified_gmt":"2022-08-22T23:02:05","slug":"issste-ya-dara-servicio-a-personas-que-no-sean-derechohabientes","status":"publish","type":"post","link":"https:\/\/lahora.mx\/index.php\/2022\/08\/22\/issste-ya-dara-servicio-a-personas-que-no-sean-derechohabientes\/","title":{"rendered":"Issste ya dar\u00e1 servicio a personas que no sean derechohabientes"},"content":{"rendered":"\n<p>El presidente Andr\u00e9s Manuel L\u00f3pez Obrador inform\u00f3 que est\u00e1 en desarrollo una reforma para el Instituto de Seguridad y Servicios Sociales de los Trabajadores del Estado (Issste), con el fin de mejorar el sistema de salud e implementar\u00e1 la atenci\u00f3n de pacientes que no sean derechohabientes.<\/p>\n\n\n\n<p>Durante su conferencia de prensa matutina el mandatario consider\u00f3 que la situaci\u00f3n del Issste es \u00abdeplorable\u00bb, por lo que se est\u00e1 trabajando en un plan para mejorarlo, por lo cual asegur\u00f3 que el pr\u00f3ximo a\u00f1o el sistema p\u00fablico de salud ser\u00e1 de primer orden y de los mejores del mundo.<\/p>\n\n\n\n<p>La reforma contemplar\u00e1 el sistema de atenci\u00f3n a los trabajadores, tanto activos como retirados, mejorar los servicios m\u00e9dicos y la disponibilidad de medicamentos, as\u00ed como recibir pacientes aunque no sean derechohabientes.<\/p>\n\n\n\n<p>Asimismo, asegur\u00f3 que se seguir\u00e1 apoyando a los derechohabientes sin importar su condici\u00f3n econ\u00f3mica para que tengan la posibilidad de curarse, de hacerse estudios, se les entreguen medicamentos de manera gratuita y tener un servicio de calidad.<\/p>\n\n\n\n<p>Por ello, destac\u00f3 que ya se est\u00e1n rehabilitando cl\u00ednicas y hospitales en los estados de Tlaxcala, Colima y Nayarit, donde la mejoras del Issste ya est\u00e1n casi al 100 por ciento.<br>Finalmente, dijo que el Issste se volver\u00e1 a nacionalizar, ya que actualmente se encuentra privatizado y que s\u00f3lo le queda el nombre.<\/p>\n","protected":false},"excerpt":{"rendered":"<p>El presidente Andr\u00e9s Manuel L\u00f3pez Obrador inform\u00f3 que est\u00e1 en desarrollo una reforma para el Instituto de Seguridad y Servicios Sociales de los Trabajadores del Estado (Issste), con el fin de mejorar el sistema de salud e implementar\u00e1 la atenci\u00f3n de pacientes que no sean derechohabientes. Durante su conferencia de prensa matutina el mandatario consider\u00f3 [&hellip;]<\/p>\n","protected":false},"author":4,"featured_media":12171,"comment_status":"open","ping_status":"open","sticky":false,"template":"","format":"standard","meta":{"om_disable_all_campaigns":false,"_monsterinsights_skip_tracking":false,"_monsterinsights_sitenote_active":false,"_monsterinsights_sitenote_note":"","_monsterinsights_sitenote_category":0,"footnotes":""},"categories":[176],"tags":[195],"class_list":["post-12170","post","type-post","status-publish","format-standard","has-post-thumbnail","hentry","category-nacional","tag-principal"],"amp_enabled":true,"_links":{"self":[{"href":"https:\/\/lahora.mx\/index.php\/wp-json\/wp\/v2\/posts\/12170","targetHints":{"allow":["GET"]}}],"collection":[{"href":"https:\/\/lahora.mx\/index.php\/wp-json\/wp\/v2\/posts"}],"about":[{"href":"https:\/\/lahora.mx\/index.php\/wp-json\/wp\/v2\/types\/post"}],"author":[{"embeddable":true,"href":"https:\/\/lahora.mx\/index.php\/wp-json\/wp\/v2\/users\/4"}],"replies":[{"embeddable":true,"href":"https:\/\/lahora.mx\/index.php\/wp-json\/wp\/v2\/comments?post=12170"}],"version-history":[{"count":1,"href":"https:\/\/lahora.mx\/index.php\/wp-json\/wp\/v2\/posts\/12170\/revisions"}],"predecessor-version":[{"id":12172,"href":"https:\/\/lahora.mx\/index.php\/wp-json\/wp\/v2\/posts\/12170\/revisions\/12172"}],"wp:featuredmedia":[{"embeddable":true,"href":"https:\/\/lahora.mx\/index.php\/wp-json\/wp\/v2\/media\/12171"}],"wp:attachment":[{"href":"https:\/\/lahora.mx\/index.php\/wp-json\/wp\/v2\/media?parent=12170"}],"wp:term":[{"taxonomy":"category","embeddable":true,"href":"https:\/\/lahora.mx\/index.php\/wp-json\/wp\/v2\/categories?post=12170"},{"taxonomy":"post_tag","embeddable":true,"href":"https:\/\/lahora.mx\/index.php\/wp-json\/wp\/v2\/tags?post=12170"}],"curies":[{"name":"wp","href":"https:\/\/api.w.org\/{rel}","templated":true}]}}