{"id":12155,"date":"2022-08-22T21:58:16","date_gmt":"2022-08-22T21:58:16","guid":{"rendered":"http:\/\/lahora.mx\/?p=12155"},"modified":"2022-08-22T21:58:17","modified_gmt":"2022-08-22T21:58:17","slug":"es-capturado-el-presunto-asesino-del-hijo-del-alcalde-de-celaya","status":"publish","type":"post","link":"https:\/\/lahora.mx\/index.php\/2022\/08\/22\/es-capturado-el-presunto-asesino-del-hijo-del-alcalde-de-celaya\/","title":{"rendered":"Es capturado el presunto asesino del hijo del alcalde de Celaya"},"content":{"rendered":"\n<p>La Fiscal\u00eda General del Estado de Guanajuato \u2013FGE- difundi\u00f3 haber capturado al asesino de Guillermo, hijo de Javier Mendoza M\u00e1rquez, Alcalde de Celaya.<\/p>\n\n\n\n<p>El anuncio fue hecho en las redes sociales de la instituci\u00f3n, sin embargo no detalla absolutamente nada, y asegura que habr\u00e1 en breve m\u00e1s informaci\u00f3n.<\/p>\n\n\n\n<p>Guillermo Mendoza Su\u00e1rez, de 31 a\u00f1os de edad, fue muerto a tiros por sicarios que lo acorralaron en su propia camioneta, en el estacionamiento de la Farmacia Guadalajara, ubicada en la Avenida 2 de Abril, en la Zona Centro de Celaya, el pasado 17 de Agosto.<br><\/p>\n\n\n\n<p>Celaya es una de las ciudades m\u00e1s peligrosas de M\u00e9xico, y solamente en este a\u00f1o 2022, se han registrado al menos cuatro masacres.<\/p>\n\n\n\n<p>En contraste, el pasado viernes, la viuda y la familia de Enrique Sosa Mart\u00ednez, el camar\u00f3grafo en retiro de la televisora estatal TV4, reclamaron al Fiscal Carlos Zamarripa Aguirre, que no haya detenido al asesino a pesar de estar plenamente identificado.<\/p>\n\n\n\n<p>Enrique Sosa fue asesinado por un empresario de nombre Miguel \u00c1ngel Garc\u00eda, la noche del pasado 19 de Julio, y a pesar de las c\u00e1maras de videovigilancia que lo grabaron, la FGE incluso emiti\u00f3 ya una alerta roja, porque no ha podido detenerlo.<\/p>\n","protected":false},"excerpt":{"rendered":"<p>La Fiscal\u00eda General del Estado de Guanajuato \u2013FGE- difundi\u00f3 haber capturado al asesino de Guillermo, hijo de Javier Mendoza M\u00e1rquez, Alcalde de Celaya. El anuncio fue hecho en las redes sociales de la instituci\u00f3n, sin embargo no detalla absolutamente nada, y asegura que habr\u00e1 en breve m\u00e1s informaci\u00f3n. Guillermo Mendoza Su\u00e1rez, de 31 a\u00f1os de [&hellip;]<\/p>\n","protected":false},"author":4,"featured_media":12156,"comment_status":"open","ping_status":"open","sticky":false,"template":"","format":"standard","meta":{"om_disable_all_campaigns":false,"_monsterinsights_skip_tracking":false,"_monsterinsights_sitenote_active":false,"_monsterinsights_sitenote_note":"","_monsterinsights_sitenote_category":0,"footnotes":""},"categories":[176],"tags":[195],"class_list":["post-12155","post","type-post","status-publish","format-standard","has-post-thumbnail","hentry","category-nacional","tag-principal"],"amp_enabled":true,"_links":{"self":[{"href":"https:\/\/lahora.mx\/index.php\/wp-json\/wp\/v2\/posts\/12155","targetHints":{"allow":["GET"]}}],"collection":[{"href":"https:\/\/lahora.mx\/index.php\/wp-json\/wp\/v2\/posts"}],"about":[{"href":"https:\/\/lahora.mx\/index.php\/wp-json\/wp\/v2\/types\/post"}],"author":[{"embeddable":true,"href":"https:\/\/lahora.mx\/index.php\/wp-json\/wp\/v2\/users\/4"}],"replies":[{"embeddable":true,"href":"https:\/\/lahora.mx\/index.php\/wp-json\/wp\/v2\/comments?post=12155"}],"version-history":[{"count":1,"href":"https:\/\/lahora.mx\/index.php\/wp-json\/wp\/v2\/posts\/12155\/revisions"}],"predecessor-version":[{"id":12157,"href":"https:\/\/lahora.mx\/index.php\/wp-json\/wp\/v2\/posts\/12155\/revisions\/12157"}],"wp:featuredmedia":[{"embeddable":true,"href":"https:\/\/lahora.mx\/index.php\/wp-json\/wp\/v2\/media\/12156"}],"wp:attachment":[{"href":"https:\/\/lahora.mx\/index.php\/wp-json\/wp\/v2\/media?parent=12155"}],"wp:term":[{"taxonomy":"category","embeddable":true,"href":"https:\/\/lahora.mx\/index.php\/wp-json\/wp\/v2\/categories?post=12155"},{"taxonomy":"post_tag","embeddable":true,"href":"https:\/\/lahora.mx\/index.php\/wp-json\/wp\/v2\/tags?post=12155"}],"curies":[{"name":"wp","href":"https:\/\/api.w.org\/{rel}","templated":true}]}}