{"id":12120,"date":"2022-08-22T15:05:59","date_gmt":"2022-08-22T15:05:59","guid":{"rendered":"http:\/\/lahora.mx\/?p=12120"},"modified":"2022-08-22T15:06:00","modified_gmt":"2022-08-22T15:06:00","slug":"la-pobreza-laboral-baja-1-6-anual-en-mexico-aun-con-inflacion","status":"publish","type":"post","link":"https:\/\/lahora.mx\/index.php\/2022\/08\/22\/la-pobreza-laboral-baja-1-6-anual-en-mexico-aun-con-inflacion\/","title":{"rendered":"La pobreza laboral baja 1.6% anual en M\u00e9xico aun con inflaci\u00f3n"},"content":{"rendered":"\n<p>A pesar de los elevados niveles de inflaci\u00f3n de los meses recientes, la poblaci\u00f3n en situaci\u00f3n de pobreza laboral en M\u00e9xico mantuvo su tendencia a la baja y en el segundo trimestre de este a\u00f1o se ubic\u00f3 en su menor nivel desde inicios de 2020.<\/p>\n\n\n\n<p>El Consejo Nacional de Evaluaci\u00f3n de la Pol\u00edtica de Desarrollo Social (Coneval) inform\u00f3 que el porcentaje de la poblaci\u00f3n en pobreza laboral disminuy\u00f3 a nivel nacional en 1.6 puntos porcentuales, entre el segundo trimestre de 2021 y el mismo periodo del presente a\u00f1o, al bajar de 39.9 por ciento a 38.3 por ciento, respectivamente.<\/p>\n\n\n\n<p>Explic\u00f3 que la disminuci\u00f3n se debe \u201cprincipalmente a un mayor n\u00famero de personas ocupadas que abona al aumento del ingreso disponible en los hogares\u201d.<\/p>\n\n\n\n<p>Sin embargo, la dependencia se\u00f1al\u00f3 que el incremento en la ocupaci\u00f3n se concentra en empleos cuyo rango salarial se encuentra en menos de un salario m\u00ednimo.<\/p>\n\n\n\n<p>El ingreso laboral real per c\u00e1pita subi\u00f3 4.8 por ciento anual, al pasar de 2 mil 747.68 a 2 mil 880.91. Lo anterior se vio acompa\u00f1ado de un aumento en el n\u00famero de ocupados de 2.2 millones de personas.<br>Baja sorpresiva<br>Jos\u00e9 Nabor, secretario Ejecutivo del Coneval, reconoci\u00f3 en una entrevista previa al reporte, que si bien causa sorpresa el descenso de la pobreza de los \u00faltimos trimestres, esto se explica por la recuperaci\u00f3n del ingreso laboral real per c\u00e1pita, el cual ya se ubica por arriba de lo que se ten\u00eda hace dos a\u00f1os, previo al inicio de la pandemia.<\/p>\n\n\n\n<p>Precis\u00f3 que la mejor\u00eda del ingreso laboral real per c\u00e1pita se debe a las medidas tomadas a partir de 2018 con el incremento del salario m\u00ednimo cada inicio de a\u00f1o.<\/p>\n\n\n\n<p>\u201cMe parece que tambi\u00e9n se refleja ese incremento del salario m\u00ednimo como un factor positivo que pes\u00f3 un poco m\u00e1s que el efecto inflacionario observado en los \u00faltimos meses\u201d, recalc\u00f3.<\/p>\n\n\n\n<p>Destac\u00f3 que tambi\u00e9n en los a\u00f1os ochenta, y un poco los noventa, tambi\u00e9n se reportaron espirales inflacionarias, pero sin incremento de salarios en t\u00e9rminos reales, y eso evidentemente hac\u00eda que la afectaci\u00f3n fuera mucho m\u00e1s fuerte.<\/p>\n\n\n\n<p>El reporte de Coneval destac\u00f3 que la pobreza laboral urbana baj\u00f3 de 36.1 por ciento a 33.9 por ciento (2.1 puntos porcentuales) entre el segundo trimestre de 2021 y el mismo lapso de 2022, mientras que en el \u00e1mbito rural se mantuvo en niveles similares, al variar de 51.8 por ciento a 52 por ciento<\/p>\n\n\n\n<p>De manera trimestral, entre el primer y segundo cuarto de 2022, la pobreza laboral baj\u00f3 de 38.8 a 38.3 por ciento, con lo que present\u00f3 una disminuci\u00f3n de 0.5 puntos porcentuales.<\/p>\n\n\n\n<p>Morena propone menos horas laborales y m\u00e1s vacaciones M\u00e9xico es uno de los pa\u00edses de Am\u00e9rica Latina que m\u00e1s horas trabaja al d\u00eda y con menos vacaciones al a\u00f1o, ante ello el senador Ricardo Vel\u00e1zquez propone.<\/p>\n\n\n\n<p>Desempe\u00f1o estatal<br>Se observ\u00f3 una disminuci\u00f3n de la pobreza laboral en 21 de las 32 entidades federativas entre el primer y segundo trimestre de 2022. Zacatecas, Ciudad de M\u00e9xico y Quintana Roo fueron los estados con mayor disminuci\u00f3n en el porcentaje de pobreza laboral con 4.1, 3.1 y 2.4 puntos porcentuales, respectivamente.<\/p>\n\n\n\n<p>En contraste, Campeche, Baja California y Guerrero fueron las entidades con mayor aumento durante el mismo periodo con 3.0, 1.7 y 1.5 puntos porcentuales, respectivamente.<\/p>\n\n\n\n<p>En el segundo trimestre de 2022, el ingreso laboral real promedio de la poblaci\u00f3n ocupada a nivel nacional fue de 6 mil 534.04 pesos al mes. Los hombres ocupados reportaron un ingreso laboral mensual de 7 mil 124.25 pesos y las mujeres 5 mil 655.87 pesos. Lo anterior indica en t\u00e9rminos relativos que en el segundo trimestre de 2022 el ingreso de los hombres ocupados es aproximadamente 1.3 veces el de las mujeres.<\/p>\n\n\n\n<p>En cuanto a situaci\u00f3n de formalidad, los ocupados formales reportaron en el segundo trimestre de 2022 un ingreso laboral mensual de 9 mil 311.80 pesos, aproximadamente el doble de los ocupados en trabajos informales, que perciben 4 mil 544.10 pesos.<\/p>\n\n\n\n<p>Durante este periodo, el ingreso laboral real promedio de la poblaci\u00f3n ocupada informal tuvo una disminuci\u00f3n de 1.7 por ciento, mientras que el de sus pares formales present\u00f3 un leve incremento de 0.1 por ciento.<\/p>\n","protected":false},"excerpt":{"rendered":"<p>A pesar de los elevados niveles de inflaci\u00f3n de los meses recientes, la poblaci\u00f3n en situaci\u00f3n de pobreza laboral en M\u00e9xico mantuvo su tendencia a la baja y en el segundo trimestre de este a\u00f1o se ubic\u00f3 en su menor nivel desde inicios de 2020. El Consejo Nacional de Evaluaci\u00f3n de la Pol\u00edtica de Desarrollo [&hellip;]<\/p>\n","protected":false},"author":4,"featured_media":12122,"comment_status":"open","ping_status":"open","sticky":false,"template":"","format":"standard","meta":{"om_disable_all_campaigns":false,"_monsterinsights_skip_tracking":false,"_monsterinsights_sitenote_active":false,"_monsterinsights_sitenote_note":"","_monsterinsights_sitenote_category":0,"footnotes":""},"categories":[176],"tags":[],"class_list":["post-12120","post","type-post","status-publish","format-standard","has-post-thumbnail","hentry","category-nacional"],"amp_enabled":true,"_links":{"self":[{"href":"https:\/\/lahora.mx\/index.php\/wp-json\/wp\/v2\/posts\/12120","targetHints":{"allow":["GET"]}}],"collection":[{"href":"https:\/\/lahora.mx\/index.php\/wp-json\/wp\/v2\/posts"}],"about":[{"href":"https:\/\/lahora.mx\/index.php\/wp-json\/wp\/v2\/types\/post"}],"author":[{"embeddable":true,"href":"https:\/\/lahora.mx\/index.php\/wp-json\/wp\/v2\/users\/4"}],"replies":[{"embeddable":true,"href":"https:\/\/lahora.mx\/index.php\/wp-json\/wp\/v2\/comments?post=12120"}],"version-history":[{"count":1,"href":"https:\/\/lahora.mx\/index.php\/wp-json\/wp\/v2\/posts\/12120\/revisions"}],"predecessor-version":[{"id":12123,"href":"https:\/\/lahora.mx\/index.php\/wp-json\/wp\/v2\/posts\/12120\/revisions\/12123"}],"wp:featuredmedia":[{"embeddable":true,"href":"https:\/\/lahora.mx\/index.php\/wp-json\/wp\/v2\/media\/12122"}],"wp:attachment":[{"href":"https:\/\/lahora.mx\/index.php\/wp-json\/wp\/v2\/media?parent=12120"}],"wp:term":[{"taxonomy":"category","embeddable":true,"href":"https:\/\/lahora.mx\/index.php\/wp-json\/wp\/v2\/categories?post=12120"},{"taxonomy":"post_tag","embeddable":true,"href":"https:\/\/lahora.mx\/index.php\/wp-json\/wp\/v2\/tags?post=12120"}],"curies":[{"name":"wp","href":"https:\/\/api.w.org\/{rel}","templated":true}]}}