{"id":12117,"date":"2022-08-22T14:56:01","date_gmt":"2022-08-22T14:56:01","guid":{"rendered":"http:\/\/lahora.mx\/?p=12117"},"modified":"2022-08-22T14:56:02","modified_gmt":"2022-08-22T14:56:02","slug":"mario-delgado-confirma-que-morena-tendra-candidato-presidencial-en-agosto-de-2023","status":"publish","type":"post","link":"https:\/\/lahora.mx\/index.php\/2022\/08\/22\/mario-delgado-confirma-que-morena-tendra-candidato-presidencial-en-agosto-de-2023\/","title":{"rendered":"Mario Delgado confirma que Morena tendr\u00e1 candidato presidencial en agosto de 2023"},"content":{"rendered":"\n<p>Mario Delgado, dirigente nacional de Morena, confirm\u00f3 que el candidato presidencial de su partido ser\u00e1 definido en agosto de 2023.<\/p>\n\n\n\n<p>En conferencia de prensa en Colima, explic\u00f3 que ser\u00e1 un proceso interno abierto, donde la convocatoria estar\u00e1 disponible para toda persona que tenga la aspiraci\u00f3n por la candidatura presidencial.<\/p>\n\n\n\n<p>Mario Delgado se\u00f1al\u00f3 que todos los aspirantes ser\u00e1n medidos por medio de \u201cencuestas transparentes\u201d que definir\u00e1n un grupo de finalistas.<br>Aunque omiti\u00f3 detallar cu\u00e1ntos aspirantes conformar\u00e1n este grupo de finalistas, pues \u201cdepender\u00e1 de c\u00f3mo salgan las encuestas\u201d, apunt\u00f3.<\/p>\n\n\n\n<p>\u201cComo es Morena, va a ser un proceso abierto. Va a ser una convocatoria para que se inscriba quien tenga la aspiraci\u00f3n, todos ser\u00e1n medidos en encuestas transparentes para tener a un grupo de finalistas. \u00bfCu\u00e1ntos? No sabemos, dependiendo de c\u00f3mo salgan las encuestas y en el mes de agosto haremos la encuesta final para tener ya a quien deber\u00e1 darle continuidad a este proyecto de transformaci\u00f3n\u201d<\/p>\n\n\n\n<p>Mario Delgado. Dirigente nacional de Morena<br>Mario Delgado presume que Morena tiene muchas corcholatas; \u201cen la oposici\u00f3n no se hace ni uno\u201d, dice<br>El dirigente nacional de Morena, Mario Delgado, presumi\u00f3 que su partido tienen muchas corcholatas rumbo a las elecciones 2024, \u201ca diferencia de la oposici\u00f3n, que de todos no se hace uno\u201d.<\/p>\n\n\n\n<p>El l\u00edder morenista asegur\u00f3 que su partido apoyar\u00e1 a todos los aspirantes, hombres y mujeres, pues eso fortalece a Morena e incrementa la posibilidad del triunfo en las elecciones presidenciales.<\/p>\n\n\n\n<p>\u201cNos corresponde apoyar a todos los perfiles que aspiran, porque tenemos varios, mujeres tambi\u00e9n que pueden encabezar nuestro proyecto. A diferencia de la oposici\u00f3n, que de todos no se hace uno, entonces nosotros vamos a impulsarlos a todos, porque eso aumenta las posibilidades de triunfo\u201d<\/p>\n\n\n\n<p>Mario Delgado. Dirigente nacional de Morena<br>Mario Delgado descart\u00f3 la posibilidad de una elecci\u00f3n primaria, tal como lo sugiri\u00f3 el senador Ricardo Monreal y subray\u00f3 que ser\u00e1 el pueblo quien decida al candidato de Morena, puesto que nadie puede pedir derechos especiales ni privilegios.<\/p>\n\n\n\n<p>\u201cNuestro objetivo es regenerar la vida p\u00fablica del pa\u00eds, entonces, hemos hecho un proceso democr\u00e1tico, transparente; siempre vamos a ser incluyentes, pero lo que no podemos, es que haya grupos privilegiados por ninguna raz\u00f3n; siempre lo que diga la gente, en Morena el pueblo manda\u201d,<\/p>\n\n\n\n<p>Mario Delgado<br>Sobre el reclamo de unos cuantos fundadores de Morena respecto a que han sido relegados por pol\u00edticos que llegan de otros partidos, Mario Delgado asegur\u00f3 que Morena es un partido que no le pertenece a nadie, a ning\u00fan grupo pol\u00edtico ni a ninguna persona.<\/p>\n\n\n\n<p>Finalmente, Mario Delgado destac\u00f3 el valor que tienen los fundadores de Morena por ser quienes confiaron en Morena desde el inicio; sin embargo, sostuvo que no le cerrar\u00e1n la puerta a perfiles que vengan de otros partidos, ya que su partido no es un \u201cclub de amigos\u201d.<\/p>\n\n\n\n<p>\u00bfC\u00f3mo van los aspirantes de Morena rumbo a las elecciones 2024?<br>De acuerdo con el tracking diario de MetricsMx de hoy 22 de agosto, los aspirantes a la candidatura presidencial por Morena van de la siguiente manera en la intenci\u00f3n del voto:<\/p>\n\n\n\n<p>Claudia Sheinbaum tiene 29.4%<br>Marcelo Ebrard, 27.8%<br>Ad\u00e1n Augusto L\u00f3pez, 9%<\/p>\n","protected":false},"excerpt":{"rendered":"<p>Mario Delgado, dirigente nacional de Morena, confirm\u00f3 que el candidato presidencial de su partido ser\u00e1 definido en agosto de 2023. En conferencia de prensa en Colima, explic\u00f3 que ser\u00e1 un proceso interno abierto, donde la convocatoria estar\u00e1 disponible para toda persona que tenga la aspiraci\u00f3n por la candidatura presidencial. Mario Delgado se\u00f1al\u00f3 que todos los [&hellip;]<\/p>\n","protected":false},"author":4,"featured_media":12118,"comment_status":"open","ping_status":"open","sticky":false,"template":"","format":"standard","meta":{"om_disable_all_campaigns":false,"_monsterinsights_skip_tracking":false,"_monsterinsights_sitenote_active":false,"_monsterinsights_sitenote_note":"","_monsterinsights_sitenote_category":0,"footnotes":""},"categories":[176],"tags":[],"class_list":["post-12117","post","type-post","status-publish","format-standard","has-post-thumbnail","hentry","category-nacional"],"amp_enabled":true,"_links":{"self":[{"href":"https:\/\/lahora.mx\/index.php\/wp-json\/wp\/v2\/posts\/12117","targetHints":{"allow":["GET"]}}],"collection":[{"href":"https:\/\/lahora.mx\/index.php\/wp-json\/wp\/v2\/posts"}],"about":[{"href":"https:\/\/lahora.mx\/index.php\/wp-json\/wp\/v2\/types\/post"}],"author":[{"embeddable":true,"href":"https:\/\/lahora.mx\/index.php\/wp-json\/wp\/v2\/users\/4"}],"replies":[{"embeddable":true,"href":"https:\/\/lahora.mx\/index.php\/wp-json\/wp\/v2\/comments?post=12117"}],"version-history":[{"count":1,"href":"https:\/\/lahora.mx\/index.php\/wp-json\/wp\/v2\/posts\/12117\/revisions"}],"predecessor-version":[{"id":12119,"href":"https:\/\/lahora.mx\/index.php\/wp-json\/wp\/v2\/posts\/12117\/revisions\/12119"}],"wp:featuredmedia":[{"embeddable":true,"href":"https:\/\/lahora.mx\/index.php\/wp-json\/wp\/v2\/media\/12118"}],"wp:attachment":[{"href":"https:\/\/lahora.mx\/index.php\/wp-json\/wp\/v2\/media?parent=12117"}],"wp:term":[{"taxonomy":"category","embeddable":true,"href":"https:\/\/lahora.mx\/index.php\/wp-json\/wp\/v2\/categories?post=12117"},{"taxonomy":"post_tag","embeddable":true,"href":"https:\/\/lahora.mx\/index.php\/wp-json\/wp\/v2\/tags?post=12117"}],"curies":[{"name":"wp","href":"https:\/\/api.w.org\/{rel}","templated":true}]}}