{"id":1211,"date":"2022-01-05T16:44:34","date_gmt":"2022-01-05T16:44:34","guid":{"rendered":"http:\/\/lahora.mx\/?p=1211"},"modified":"2022-01-05T22:18:33","modified_gmt":"2022-01-05T22:18:33","slug":"omicron-ya-se-este-transmitiendo-en-puebla","status":"publish","type":"post","link":"https:\/\/lahora.mx\/index.php\/2022\/01\/05\/omicron-ya-se-este-transmitiendo-en-puebla\/","title":{"rendered":"Omicron ya es transmisi\u00f3n comunitaria en Puebla"},"content":{"rendered":"<p>Esta ma\u00f1ana el secretario de salud Jos\u00e9 Antonio Mart\u00ednez Garc\u00eda menciono que es muy probable que la variante #Omicron ya se est\u00e9 transmitiendo de manera comunitaria en Puebla, y superaremos el nivel de contagios diarios que nos dejo #Delta<br \/>\nEn las \u00faltimas horas se reportaron 159 casos de contagios de Covid-19\u00a0 en Puebla que suman 123 mil 948 acumulados con 308 activos y 75 personas hospitalizadas con 9 graves adem\u00e1s de que se detectaron 2 defunciones en un total de 16 mil 418 indic\u00f3 el secretario de Salud.<br \/>\nA nivel nacional\u00a0 el numero de contagios es de\u00a0 4,236,175 acumulados\u00a0 con 313,394 defunciones.<\/p>\n","protected":false},"excerpt":{"rendered":"<p>Esta ma\u00f1ana el secretario de salud Jos\u00e9 Antonio Mart\u00ednez Garc\u00eda menciono que es muy probable que la variante #Omicron ya se est\u00e9 transmitiendo de manera comunitaria en Puebla, y superaremos el nivel de contagios diarios que nos dejo #Delta En las \u00faltimas horas se reportaron 159 casos de contagios de Covid-19\u00a0 en Puebla que suman [&hellip;]<\/p>\n","protected":false},"author":4,"featured_media":1212,"comment_status":"open","ping_status":"open","sticky":false,"template":"","format":"standard","meta":{"om_disable_all_campaigns":false,"_monsterinsights_skip_tracking":false,"_monsterinsights_sitenote_active":false,"_monsterinsights_sitenote_note":"","_monsterinsights_sitenote_category":0,"footnotes":""},"categories":[175],"tags":[195],"class_list":["post-1211","post","type-post","status-publish","format-standard","has-post-thumbnail","hentry","category-local","tag-principal"],"amp_enabled":true,"_links":{"self":[{"href":"https:\/\/lahora.mx\/index.php\/wp-json\/wp\/v2\/posts\/1211","targetHints":{"allow":["GET"]}}],"collection":[{"href":"https:\/\/lahora.mx\/index.php\/wp-json\/wp\/v2\/posts"}],"about":[{"href":"https:\/\/lahora.mx\/index.php\/wp-json\/wp\/v2\/types\/post"}],"author":[{"embeddable":true,"href":"https:\/\/lahora.mx\/index.php\/wp-json\/wp\/v2\/users\/4"}],"replies":[{"embeddable":true,"href":"https:\/\/lahora.mx\/index.php\/wp-json\/wp\/v2\/comments?post=1211"}],"version-history":[{"count":4,"href":"https:\/\/lahora.mx\/index.php\/wp-json\/wp\/v2\/posts\/1211\/revisions"}],"predecessor-version":[{"id":1223,"href":"https:\/\/lahora.mx\/index.php\/wp-json\/wp\/v2\/posts\/1211\/revisions\/1223"}],"wp:featuredmedia":[{"embeddable":true,"href":"https:\/\/lahora.mx\/index.php\/wp-json\/wp\/v2\/media\/1212"}],"wp:attachment":[{"href":"https:\/\/lahora.mx\/index.php\/wp-json\/wp\/v2\/media?parent=1211"}],"wp:term":[{"taxonomy":"category","embeddable":true,"href":"https:\/\/lahora.mx\/index.php\/wp-json\/wp\/v2\/categories?post=1211"},{"taxonomy":"post_tag","embeddable":true,"href":"https:\/\/lahora.mx\/index.php\/wp-json\/wp\/v2\/tags?post=1211"}],"curies":[{"name":"wp","href":"https:\/\/api.w.org\/{rel}","templated":true}]}}