{"id":12109,"date":"2022-08-22T04:03:21","date_gmt":"2022-08-22T04:03:21","guid":{"rendered":"http:\/\/lahora.mx\/?p=12109"},"modified":"2022-08-22T04:05:55","modified_gmt":"2022-08-22T04:05:55","slug":"10-nuevas-muertes-y-1597-casos-de-covid-19-confirmados-en-las-ultimas-24-horas-en-mexico","status":"publish","type":"post","link":"https:\/\/lahora.mx\/index.php\/2022\/08\/22\/10-nuevas-muertes-y-1597-casos-de-covid-19-confirmados-en-las-ultimas-24-horas-en-mexico\/","title":{"rendered":"10 nuevas muertes y 1,597 casos de covid-19  confirmados en las \u00faltimas 24 horas en M\u00e9xico"},"content":{"rendered":"\n<p>La cifra oficial de muertes por Covid-19 en M\u00e9xico ascendi\u00f3 este domingo a 329,091 decesos, mientras que el acumulado de contagios de esta enfermedad aument\u00f3 a 6 millones 976,593 casos.<\/p>\n\n\n\n<p>Al corte de este domingo, M\u00e9xico registr\u00f3 1,597 nuevos casos de Covid-19, por lo que seg\u00fan datos de la Secretar\u00eda de Salud, el acumulado de contagios desde que inici\u00f3 la pandemia aument\u00f3 a 6 millones 976,593.<\/p>\n\n\n\n<p>El Informe T\u00e9cnico Diario sobre el progreso de la epidemia del coronavirus a nivel nacional detall\u00f3 este 21 de agosto que en las \u00faltimas 24 horas, la cifra oficial de defunciones a causa de esta enfermedad se increment\u00f3 a 329,091 decesos, tras registrarse 10 nuevos fallecimientos.<\/p>\n\n\n\n<p>Cabe recordar que las autoridades de Salud han explicado recurrentemente que las cifras diarias de contagios y muertes por Covid-19 en fin de semana suelen ser menores al resto de la semana debido a que los centros de salud suelen tardar m\u00e1s tiempo en entregar sus reportes.<\/p>\n\n\n\n<p>La dependencia federal destac\u00f3 que la ocupaci\u00f3n de camas de atenci\u00f3n general para pacientes por Covid-19 se mantiene en 7%, mientras que las camas con ventilador mec\u00e1nico para pacientes graves registran una ocupaci\u00f3n de 3 por ciento.<\/p>\n\n\n\n<p>Del 8 al 21 de agosto la Secretar\u00eda de Salud registr\u00f3 48,607 casos activos, es decir personas que presentaron s\u00edntomas de Covid-19 en los \u00faltimos 14 d\u00edas.<\/p>\n\n\n\n<p>Baja California Sur, la Ciudad de M\u00e9xico y San Luis Potos\u00ed son las entidades que presentan la mayor tasa de casos activos por cada 100,000 habitantes.<\/p>\n","protected":false},"excerpt":{"rendered":"<p>La cifra oficial de muertes por Covid-19 en M\u00e9xico ascendi\u00f3 este domingo a 329,091 decesos, mientras que el acumulado de contagios de esta enfermedad aument\u00f3 a 6 millones 976,593 casos. Al corte de este domingo, M\u00e9xico registr\u00f3 1,597 nuevos casos de Covid-19, por lo que seg\u00fan datos de la Secretar\u00eda de Salud, el acumulado de [&hellip;]<\/p>\n","protected":false},"author":4,"featured_media":12112,"comment_status":"open","ping_status":"open","sticky":false,"template":"","format":"standard","meta":{"om_disable_all_campaigns":false,"_monsterinsights_skip_tracking":false,"_monsterinsights_sitenote_active":false,"_monsterinsights_sitenote_note":"","_monsterinsights_sitenote_category":0,"footnotes":""},"categories":[176],"tags":[],"class_list":["post-12109","post","type-post","status-publish","format-standard","has-post-thumbnail","hentry","category-nacional"],"amp_enabled":true,"_links":{"self":[{"href":"https:\/\/lahora.mx\/index.php\/wp-json\/wp\/v2\/posts\/12109","targetHints":{"allow":["GET"]}}],"collection":[{"href":"https:\/\/lahora.mx\/index.php\/wp-json\/wp\/v2\/posts"}],"about":[{"href":"https:\/\/lahora.mx\/index.php\/wp-json\/wp\/v2\/types\/post"}],"author":[{"embeddable":true,"href":"https:\/\/lahora.mx\/index.php\/wp-json\/wp\/v2\/users\/4"}],"replies":[{"embeddable":true,"href":"https:\/\/lahora.mx\/index.php\/wp-json\/wp\/v2\/comments?post=12109"}],"version-history":[{"count":1,"href":"https:\/\/lahora.mx\/index.php\/wp-json\/wp\/v2\/posts\/12109\/revisions"}],"predecessor-version":[{"id":12113,"href":"https:\/\/lahora.mx\/index.php\/wp-json\/wp\/v2\/posts\/12109\/revisions\/12113"}],"wp:featuredmedia":[{"embeddable":true,"href":"https:\/\/lahora.mx\/index.php\/wp-json\/wp\/v2\/media\/12112"}],"wp:attachment":[{"href":"https:\/\/lahora.mx\/index.php\/wp-json\/wp\/v2\/media?parent=12109"}],"wp:term":[{"taxonomy":"category","embeddable":true,"href":"https:\/\/lahora.mx\/index.php\/wp-json\/wp\/v2\/categories?post=12109"},{"taxonomy":"post_tag","embeddable":true,"href":"https:\/\/lahora.mx\/index.php\/wp-json\/wp\/v2\/tags?post=12109"}],"curies":[{"name":"wp","href":"https:\/\/api.w.org\/{rel}","templated":true}]}}