{"id":12097,"date":"2022-08-22T02:41:03","date_gmt":"2022-08-22T02:41:03","guid":{"rendered":"http:\/\/lahora.mx\/?p=12097"},"modified":"2022-08-22T02:41:04","modified_gmt":"2022-08-22T02:41:04","slug":"agua-de-puebla-ya-no-podra-ingresar-a-sus-clientes-en-buro-de-credito","status":"publish","type":"post","link":"https:\/\/lahora.mx\/index.php\/2022\/08\/22\/agua-de-puebla-ya-no-podra-ingresar-a-sus-clientes-en-buro-de-credito\/","title":{"rendered":"Agua de Puebla ya no podr\u00e1 ingresar a sus clientes en bur\u00f3 de cr\u00e9dito"},"content":{"rendered":"\n<p>El activista Omar Jim\u00e9nez revel\u00f3 que el pasado 18 de agosto un juez de distrito suspendi\u00f3 definitivamente que Agua de Puebla ingrese a bur\u00f3 de cr\u00e9dito a personas que deben el servicio de agua al considerar que es ilegal.<\/p>\n\n\n\n<p>En rueda de prensa, el tambi\u00e9n morenista se\u00f1al\u00f3 que este tipo de acciones vulneran los derechos humanos de las personas, pues arbitrariamente les cortan el servicio del agua sin m\u00e1s.<\/p>\n\n\n\n<p>\u201cEs el mismo modus operandi que lleva a cabo en los servicios de agua sin orden judicial, sin requerimiento de pago \u201cse\u00f1al\u00f3 Jim\u00e9nez.<\/p>\n\n\n\n<p>Asimismo, en la rueda de prensa estuvo presente la persona que sufri\u00f3 dicho abuso y celebr\u00f3 que las autoridades hayan retomado su caso.<\/p>\n","protected":false},"excerpt":{"rendered":"<p>El activista Omar Jim\u00e9nez revel\u00f3 que el pasado 18 de agosto un juez de distrito suspendi\u00f3 definitivamente que Agua de Puebla ingrese a bur\u00f3 de cr\u00e9dito a personas que deben el servicio de agua al considerar que es ilegal. En rueda de prensa, el tambi\u00e9n morenista se\u00f1al\u00f3 que este tipo de acciones vulneran los derechos [&hellip;]<\/p>\n","protected":false},"author":4,"featured_media":12098,"comment_status":"open","ping_status":"open","sticky":false,"template":"","format":"standard","meta":{"om_disable_all_campaigns":false,"_monsterinsights_skip_tracking":false,"_monsterinsights_sitenote_active":false,"_monsterinsights_sitenote_note":"","_monsterinsights_sitenote_category":0,"footnotes":""},"categories":[175],"tags":[195,223],"class_list":["post-12097","post","type-post","status-publish","format-standard","has-post-thumbnail","hentry","category-local","tag-principal","tag-puebla"],"amp_enabled":true,"_links":{"self":[{"href":"https:\/\/lahora.mx\/index.php\/wp-json\/wp\/v2\/posts\/12097","targetHints":{"allow":["GET"]}}],"collection":[{"href":"https:\/\/lahora.mx\/index.php\/wp-json\/wp\/v2\/posts"}],"about":[{"href":"https:\/\/lahora.mx\/index.php\/wp-json\/wp\/v2\/types\/post"}],"author":[{"embeddable":true,"href":"https:\/\/lahora.mx\/index.php\/wp-json\/wp\/v2\/users\/4"}],"replies":[{"embeddable":true,"href":"https:\/\/lahora.mx\/index.php\/wp-json\/wp\/v2\/comments?post=12097"}],"version-history":[{"count":1,"href":"https:\/\/lahora.mx\/index.php\/wp-json\/wp\/v2\/posts\/12097\/revisions"}],"predecessor-version":[{"id":12099,"href":"https:\/\/lahora.mx\/index.php\/wp-json\/wp\/v2\/posts\/12097\/revisions\/12099"}],"wp:featuredmedia":[{"embeddable":true,"href":"https:\/\/lahora.mx\/index.php\/wp-json\/wp\/v2\/media\/12098"}],"wp:attachment":[{"href":"https:\/\/lahora.mx\/index.php\/wp-json\/wp\/v2\/media?parent=12097"}],"wp:term":[{"taxonomy":"category","embeddable":true,"href":"https:\/\/lahora.mx\/index.php\/wp-json\/wp\/v2\/categories?post=12097"},{"taxonomy":"post_tag","embeddable":true,"href":"https:\/\/lahora.mx\/index.php\/wp-json\/wp\/v2\/tags?post=12097"}],"curies":[{"name":"wp","href":"https:\/\/api.w.org\/{rel}","templated":true}]}}