{"id":12094,"date":"2022-08-22T02:20:57","date_gmt":"2022-08-22T02:20:57","guid":{"rendered":"http:\/\/lahora.mx\/?p=12094"},"modified":"2022-08-22T02:20:58","modified_gmt":"2022-08-22T02:20:58","slug":"alrededor-de-2-mil-empleos-formales-al-cierre-de-2022-se-planean-recuperar-por-empresarios","status":"publish","type":"post","link":"https:\/\/lahora.mx\/index.php\/2022\/08\/22\/alrededor-de-2-mil-empleos-formales-al-cierre-de-2022-se-planean-recuperar-por-empresarios\/","title":{"rendered":"Alrededor de 2 mil empleos formales al cierre de 2022 se planean recuperar por empresarios"},"content":{"rendered":"\n<p>Lo anterior, debido a que a\u00fan hay incertidumbre en el sector privado para realizar inversiones que detonen una generaci\u00f3n de empleos con mayor velocidad, pues la pandemia a\u00fan sigue un obst\u00e1culo econ\u00f3mico y social.<\/p>\n\n\n\n<p>\u201cLos empresarios est\u00e1n a\u00fan temerosos por la pandemia y no han querido invertir, pues est\u00e1n esperando cambios y mejores tiempos (\u2026) Pese a esto, calculo que para fin de a\u00f1o habremos recuperado otros 2 mil empleos m\u00e1s de los que tenemos rezagados actualmente\u201d, expuso.<\/p>\n\n\n\n<p>Es importante recordar que en el \u00faltimo reporte de empleo formal que dio a conocer el Instituto Mexicano del Seguro Social (IMSS), se expuso que de enero de 2021 a julio de 2022, Puebla ha logrado recuperar 31 mil 15 puestos de trabajo los 39 mil 172 que se perdieron en 2020, por lo que existe un rezago actual de 8 mil 157 trabajos.<\/p>\n\n\n\n<p>Los sectores que a la fecha presentan problemas para elevar sus plantillas laborales son los servicios para empresas, personas y el hogar; la industria de la construcci\u00f3n; la agricultura, ganader\u00eda, silvicultura, caza y pesca, y la industria extractiva.<\/p>\n\n\n\n<p>Con estos n\u00fameros, Rodr\u00edguez Pacheco adelant\u00f3 que la normalidad laboral en el estado se presentar\u00e1 en el transcurso del 2023, fecha en que las inversiones ser\u00e1n m\u00e1s elevadas.<\/p>\n","protected":false},"excerpt":{"rendered":"<p>Lo anterior, debido a que a\u00fan hay incertidumbre en el sector privado para realizar inversiones que detonen una generaci\u00f3n de empleos con mayor velocidad, pues la pandemia a\u00fan sigue un obst\u00e1culo econ\u00f3mico y social. \u201cLos empresarios est\u00e1n a\u00fan temerosos por la pandemia y no han querido invertir, pues est\u00e1n esperando cambios y mejores tiempos (\u2026) [&hellip;]<\/p>\n","protected":false},"author":4,"featured_media":12095,"comment_status":"open","ping_status":"open","sticky":false,"template":"","format":"standard","meta":{"om_disable_all_campaigns":false,"_monsterinsights_skip_tracking":false,"_monsterinsights_sitenote_active":false,"_monsterinsights_sitenote_note":"","_monsterinsights_sitenote_category":0,"footnotes":""},"categories":[176],"tags":[195],"class_list":["post-12094","post","type-post","status-publish","format-standard","has-post-thumbnail","hentry","category-nacional","tag-principal"],"amp_enabled":true,"_links":{"self":[{"href":"https:\/\/lahora.mx\/index.php\/wp-json\/wp\/v2\/posts\/12094","targetHints":{"allow":["GET"]}}],"collection":[{"href":"https:\/\/lahora.mx\/index.php\/wp-json\/wp\/v2\/posts"}],"about":[{"href":"https:\/\/lahora.mx\/index.php\/wp-json\/wp\/v2\/types\/post"}],"author":[{"embeddable":true,"href":"https:\/\/lahora.mx\/index.php\/wp-json\/wp\/v2\/users\/4"}],"replies":[{"embeddable":true,"href":"https:\/\/lahora.mx\/index.php\/wp-json\/wp\/v2\/comments?post=12094"}],"version-history":[{"count":1,"href":"https:\/\/lahora.mx\/index.php\/wp-json\/wp\/v2\/posts\/12094\/revisions"}],"predecessor-version":[{"id":12096,"href":"https:\/\/lahora.mx\/index.php\/wp-json\/wp\/v2\/posts\/12094\/revisions\/12096"}],"wp:featuredmedia":[{"embeddable":true,"href":"https:\/\/lahora.mx\/index.php\/wp-json\/wp\/v2\/media\/12095"}],"wp:attachment":[{"href":"https:\/\/lahora.mx\/index.php\/wp-json\/wp\/v2\/media?parent=12094"}],"wp:term":[{"taxonomy":"category","embeddable":true,"href":"https:\/\/lahora.mx\/index.php\/wp-json\/wp\/v2\/categories?post=12094"},{"taxonomy":"post_tag","embeddable":true,"href":"https:\/\/lahora.mx\/index.php\/wp-json\/wp\/v2\/tags?post=12094"}],"curies":[{"name":"wp","href":"https:\/\/api.w.org\/{rel}","templated":true}]}}