{"id":12088,"date":"2022-08-21T23:52:51","date_gmt":"2022-08-21T23:52:51","guid":{"rendered":"http:\/\/lahora.mx\/?p=12088"},"modified":"2022-08-21T23:52:52","modified_gmt":"2022-08-21T23:52:52","slug":"colapsan-carreteras-y-miles-de-familias-estan-inundadas-en-empalme-dejando-incomunicada-a-sonora","status":"publish","type":"post","link":"https:\/\/lahora.mx\/index.php\/2022\/08\/21\/colapsan-carreteras-y-miles-de-familias-estan-inundadas-en-empalme-dejando-incomunicada-a-sonora\/","title":{"rendered":"Colapsan carreteras y miles de familias est\u00e1n inundadas en Empalme dejando incomunicada a Sonora"},"content":{"rendered":"\n<p>A miles de familias de Empalme les llueve sobre mojado; sus viviendas est\u00e1n inundadas y el agua en sus viviendas sube de nivel.<\/p>\n\n\n\n<p>El s\u00e1bado 20 de agosto la Coordinaci\u00f3n Estatal de Protecci\u00f3n Civil (CEPC), inform\u00f3 que realiza un plan de acci\u00f3n por inundaci\u00f3n en comunidades rurales de Guaymas-Empalme, en colaboraci\u00f3n con autoridades de los tres niveles de gobierno.<br><\/p>\n\n\n\n<p>Mediante este plan, desde temprana hora, se llevan a cabo evacuaciones preventivas a ra\u00edz del rompimiento parcial del Bordo Regulador Fusible de Ortiz en varias comisar\u00edas afectadas.<\/p>\n\n\n\n<p>Miles de familias de las zonas rurales de Guaymas y Empalme se inundaron y algunas quedaron atrapadas entre los arroyos.<br><\/p>\n\n\n\n<p>Muertes y rescate de personas tras inundaciones<br>Un padre sufri\u00f3 la gran pena de ver morir a su hijo de apenas 17 a\u00f1os de edad, cuando no pudieron salir de un arroyo en el Ca\u00f1\u00f3n del Nacapule en San Carlos Guaymas.<br>Una familia dur\u00f3 varias horas entre dos arroyos, en el Ejido Santa Mar\u00eda de Empalme; finalmente fueron rescatadas las seis personas, entre ellas dos ni\u00f1as.<\/p>\n\n\n\n<p>La Secretar\u00eda de Marina en coordinaci\u00f3n con Protecci\u00f3n Civil Sonora, logr\u00f3 el rescate de cuatro personas m\u00e1s, tres sobre el techo del Rancho El Ojal y un adulto mayor que estaba arriba de un mezquite en La Atravesada.<br><\/p>\n\n\n\n<p>Con apoyo de los cuerpos de emergencia de los gobiernos municipales de Guaymas y Empalme, Secretar\u00eda de Marina (Semar), Guardia Nacional (GN) y la Secretar\u00eda de la Defensa Nacional (Sedena).<\/p>\n\n\n\n<p>Las avenidas de agua junto con la fuerte lluvia provocaron crecidas en arroyos que llegaron hasta la bah\u00eda Guaymas-Empalme, donde el mar se desbord\u00f3 sobre la carretera internacional.<br><\/p>\n\n\n\n<p>Cientos de veh\u00edculos se encuentran varados en la Carretera Federal n\u00famero 15, al colapsar varios tramos por las fuertes avenidas de agua.<\/p>\n\n\n\n<p>Protecci\u00f3n Civil reporta da\u00f1o en el puente El Valiente en la carretera internacional Hermosillo &#8211; Guaymas kil\u00f3metro 138, por lo que recomend\u00f3 no tomar esa v\u00eda, Guardia Nacional y Caminos y Puentes ya trabaja en el lugar.<\/p>\n\n\n\n<p>Por da\u00f1os en su estructura, tambi\u00e9n se cerr\u00f3 el tramo en carretera Obreg\u00f3n &#8211; Empalme, km. 108.<\/p>\n\n\n\n<p>Tambi\u00e9n se report\u00f3 el cierre de la carretera 36 Norte Hermosillo &#8211; Puerto Libertad por inundaci\u00f3n en el Vado San Ignacio, adem\u00e1s de acumulaci\u00f3n de arena y \u00e1rboles, por lo que se recomienda no tomar esa v\u00eda.<\/p>\n\n\n\n<p>Se inform\u00f3 que una persona viol\u00f3 las cintas de advertencia y decidi\u00f3 ingresar con su veh\u00edculo al r\u00edo en Nacozari; fue rescatado ileso por Protecci\u00f3n Civil local, se pide a la poblaci\u00f3n atender las recomendaciones de las autoridades.<\/p>\n","protected":false},"excerpt":{"rendered":"<p>A miles de familias de Empalme les llueve sobre mojado; sus viviendas est\u00e1n inundadas y el agua en sus viviendas sube de nivel. El s\u00e1bado 20 de agosto la Coordinaci\u00f3n Estatal de Protecci\u00f3n Civil (CEPC), inform\u00f3 que realiza un plan de acci\u00f3n por inundaci\u00f3n en comunidades rurales de Guaymas-Empalme, en colaboraci\u00f3n con autoridades de los [&hellip;]<\/p>\n","protected":false},"author":4,"featured_media":12089,"comment_status":"open","ping_status":"open","sticky":false,"template":"","format":"standard","meta":{"om_disable_all_campaigns":false,"_monsterinsights_skip_tracking":false,"_monsterinsights_sitenote_active":false,"_monsterinsights_sitenote_note":"","_monsterinsights_sitenote_category":0,"footnotes":""},"categories":[176],"tags":[195],"class_list":["post-12088","post","type-post","status-publish","format-standard","has-post-thumbnail","hentry","category-nacional","tag-principal"],"amp_enabled":true,"_links":{"self":[{"href":"https:\/\/lahora.mx\/index.php\/wp-json\/wp\/v2\/posts\/12088","targetHints":{"allow":["GET"]}}],"collection":[{"href":"https:\/\/lahora.mx\/index.php\/wp-json\/wp\/v2\/posts"}],"about":[{"href":"https:\/\/lahora.mx\/index.php\/wp-json\/wp\/v2\/types\/post"}],"author":[{"embeddable":true,"href":"https:\/\/lahora.mx\/index.php\/wp-json\/wp\/v2\/users\/4"}],"replies":[{"embeddable":true,"href":"https:\/\/lahora.mx\/index.php\/wp-json\/wp\/v2\/comments?post=12088"}],"version-history":[{"count":1,"href":"https:\/\/lahora.mx\/index.php\/wp-json\/wp\/v2\/posts\/12088\/revisions"}],"predecessor-version":[{"id":12090,"href":"https:\/\/lahora.mx\/index.php\/wp-json\/wp\/v2\/posts\/12088\/revisions\/12090"}],"wp:featuredmedia":[{"embeddable":true,"href":"https:\/\/lahora.mx\/index.php\/wp-json\/wp\/v2\/media\/12089"}],"wp:attachment":[{"href":"https:\/\/lahora.mx\/index.php\/wp-json\/wp\/v2\/media?parent=12088"}],"wp:term":[{"taxonomy":"category","embeddable":true,"href":"https:\/\/lahora.mx\/index.php\/wp-json\/wp\/v2\/categories?post=12088"},{"taxonomy":"post_tag","embeddable":true,"href":"https:\/\/lahora.mx\/index.php\/wp-json\/wp\/v2\/tags?post=12088"}],"curies":[{"name":"wp","href":"https:\/\/api.w.org\/{rel}","templated":true}]}}