{"id":12079,"date":"2022-08-21T20:08:36","date_gmt":"2022-08-21T20:08:36","guid":{"rendered":"http:\/\/lahora.mx\/?p=12079"},"modified":"2022-08-21T20:08:37","modified_gmt":"2022-08-21T20:08:37","slug":"en-un-accidente-vial-en-periferico-muere-trabajador-del-ayuntamiento-de-puebla","status":"publish","type":"post","link":"https:\/\/lahora.mx\/index.php\/2022\/08\/21\/en-un-accidente-vial-en-periferico-muere-trabajador-del-ayuntamiento-de-puebla\/","title":{"rendered":"En un accidente vial en Perif\u00e9rico muere trabajador del ayuntamiento de Puebla"},"content":{"rendered":"\n<p>Luego de sufrir un accidente en la lateral del Perif\u00e9rico Ecol\u00f3gico a la altura de Loma Bella, este domingo por la madrugada pereci\u00f3 un trabajador del ayuntamiento de Puebla.<\/p>\n\n\n\n<p>La v\u00edctima identificada por medio de una credencial como David, circulaba en una motocicleta color negro; antes de llegar a la calle 3 Sur con direcci\u00f3n a la avenida 16 de Septiembre perdi\u00f3 el control sobre el veh\u00edculo y se estrell\u00f3 contra las barras met\u00e1licas de contenci\u00f3n.<\/p>\n\n\n\n<p>El golpe produjo que el hoy occiso de alrededor de 50 a\u00f1os de edad saliera proyectado casi cinco metros del lugar de la colisi\u00f3n, quedando incluso de lado del Perif\u00e9rico Ecol\u00f3gico.<\/p>\n\n\n\n<p>Automovilistas que pasaron por el lugar notaron que un hombre estaba tirado y sangraba por lo que dieron parte a los socorristas as\u00ed como a los agentes viales.<br>Toc\u00f3 a param\u00e9dicos del Sistema de Urgencias M\u00e9dicas Avanzadas (SUMA) y a peritos viales desplazarse al lugar, donde a las 4 horas informaci\u00f3n el deceso de la v\u00edctima, pues a pesar de que le dieron reanimaci\u00f3n cardiopulmonar, el var\u00f3n no respondi\u00f3 y se dio a conocer su muerte.<br>De acuerdo con su identificaci\u00f3n laboral, el motociclista trabajaba en la Secretar\u00eda de Bienestar y Partici\u00f3n Ciudadana del Ayuntamiento de Puebla.<\/p>\n\n\n\n<p>El lugar fue acordonado y resguardado por los agentes viales, quienes encabezaron las pesquisas de ley para el levantamiento del cuerpo del trabajador del ayuntamiento de Puebla el cual fue trasladado al anfiteatro para la necropsia de ley, mientras su motocicleta acab\u00f3 casi deshecha tras el accidente vial el Perif\u00e9rico.<\/p>\n","protected":false},"excerpt":{"rendered":"<p>Luego de sufrir un accidente en la lateral del Perif\u00e9rico Ecol\u00f3gico a la altura de Loma Bella, este domingo por la madrugada pereci\u00f3 un trabajador del ayuntamiento de Puebla. La v\u00edctima identificada por medio de una credencial como David, circulaba en una motocicleta color negro; antes de llegar a la calle 3 Sur con direcci\u00f3n [&hellip;]<\/p>\n","protected":false},"author":4,"featured_media":12080,"comment_status":"open","ping_status":"open","sticky":false,"template":"","format":"standard","meta":{"om_disable_all_campaigns":false,"_monsterinsights_skip_tracking":false,"_monsterinsights_sitenote_active":false,"_monsterinsights_sitenote_note":"","_monsterinsights_sitenote_category":0,"footnotes":""},"categories":[175],"tags":[223],"class_list":["post-12079","post","type-post","status-publish","format-standard","has-post-thumbnail","hentry","category-local","tag-puebla"],"amp_enabled":true,"_links":{"self":[{"href":"https:\/\/lahora.mx\/index.php\/wp-json\/wp\/v2\/posts\/12079","targetHints":{"allow":["GET"]}}],"collection":[{"href":"https:\/\/lahora.mx\/index.php\/wp-json\/wp\/v2\/posts"}],"about":[{"href":"https:\/\/lahora.mx\/index.php\/wp-json\/wp\/v2\/types\/post"}],"author":[{"embeddable":true,"href":"https:\/\/lahora.mx\/index.php\/wp-json\/wp\/v2\/users\/4"}],"replies":[{"embeddable":true,"href":"https:\/\/lahora.mx\/index.php\/wp-json\/wp\/v2\/comments?post=12079"}],"version-history":[{"count":1,"href":"https:\/\/lahora.mx\/index.php\/wp-json\/wp\/v2\/posts\/12079\/revisions"}],"predecessor-version":[{"id":12081,"href":"https:\/\/lahora.mx\/index.php\/wp-json\/wp\/v2\/posts\/12079\/revisions\/12081"}],"wp:featuredmedia":[{"embeddable":true,"href":"https:\/\/lahora.mx\/index.php\/wp-json\/wp\/v2\/media\/12080"}],"wp:attachment":[{"href":"https:\/\/lahora.mx\/index.php\/wp-json\/wp\/v2\/media?parent=12079"}],"wp:term":[{"taxonomy":"category","embeddable":true,"href":"https:\/\/lahora.mx\/index.php\/wp-json\/wp\/v2\/categories?post=12079"},{"taxonomy":"post_tag","embeddable":true,"href":"https:\/\/lahora.mx\/index.php\/wp-json\/wp\/v2\/tags?post=12079"}],"curies":[{"name":"wp","href":"https:\/\/api.w.org\/{rel}","templated":true}]}}