{"id":12072,"date":"2022-08-21T19:56:52","date_gmt":"2022-08-21T19:56:52","guid":{"rendered":"http:\/\/lahora.mx\/?p=12072"},"modified":"2022-08-21T19:56:53","modified_gmt":"2022-08-21T19:56:53","slug":"transporte-gratuito-para-maestros-en-puebla-estas-son-las-rutas","status":"publish","type":"post","link":"https:\/\/lahora.mx\/index.php\/2022\/08\/21\/transporte-gratuito-para-maestros-en-puebla-estas-son-las-rutas\/","title":{"rendered":"Transporte  gratuito para maestros en Puebla: estas son las rutas"},"content":{"rendered":"\n<p>Para el ciclo escolar 2022-2023 la Secretar\u00eda de Educaci\u00f3n P\u00fablica (SEP) habilitar\u00e1 17 rutas diferentes de transporte para maestros en Puebla que ser\u00e1n gratuitas.<\/p>\n\n\n\n<p>\u00bfCu\u00e1les son las rutas de transporte para maestros en Puebla?<\/p>\n\n\n\n<p>De acuerdo con una licitaci\u00f3n publicada por el gobierno estatal, las rutas de transporte para maestros en Puebla que estar\u00e1n disponibles desde la capital poblana tendr\u00e1n como destino los siguientes municipios:<\/p>\n\n\n\n<p>-Esperanza<\/p>\n\n\n\n<p>-Libres<br>-Ciudad Serd\u00e1n<\/p>\n\n\n\n<p>-Guadalupe Victoria<\/p>\n\n\n\n<p>-Tlachichuca<\/p>\n\n\n\n<p>-Tlacotepec<\/p>\n\n\n\n<p>-Ixcaquixtla<\/p>\n\n\n\n<p>-Iz\u00facar de Matamoros<\/p>\n\n\n\n<p>-Santa Rita Tlahuapan.<\/p>\n\n\n\n<p>Tambi\u00e9n habr\u00e1 otras rutas que tendr\u00e1n salidas y destinos al interior de la entidad, por ejemplo:<\/p>\n\n\n\n<p>-Huauchinango-Venustiano Carranza<\/p>\n\n\n\n<p>-Zacatl\u00e1n-Zapotitl\u00e1n de M\u00e9ndez<\/p>\n\n\n\n<p>-Teziutl\u00e1n-Oriental<\/p>\n\n\n\n<p>-Acatl\u00e1n de Osorio-Tulcingo del Valle<\/p>\n\n\n\n<p>-Tehuac\u00e1n-Vicente Guerrero<\/p>\n\n\n\n<p>-Tehuac\u00e1n-Ciudad Serd\u00e1n<\/p>\n\n\n\n<p>El gobierno estatal no establecer\u00e1 un n\u00famero de viajes, sino que en cada caso habr\u00e1 un rango que podr\u00eda ser cubierto con la compa\u00f1\u00eda selecciona en el proceso de litaci\u00f3n.<\/p>\n\n\n\n<p>El servicio gratuito de transporte para maestros en Puebla se iniciar\u00e1 despu\u00e9s de la firma de contrato y hasta el 26 de julio de 2023. El fallo del proceso ser\u00e1 el 30 de agosto de este a\u00f1o.<\/p>\n\n\n\n<p>Entre las caracter\u00edsticas que deber\u00e1n cumplir las unidades de transporte se encuentran tener capacidad para al menos 45 personas; modelos con una antig\u00fcedad m\u00e1xima de 5 a\u00f1os a la fecha; puerta neum\u00e1tica para ascenso y descenso, as\u00ed como seguro de viajero con cobertura amplia.<\/p>\n\n\n\n<p>La junta de aclaraciones para los concesionarios de transporte para maestros en Puebla ser\u00e1 el martes 23 de agosto; la presentaci\u00f3n de las propuestas t\u00e9cnicas ser\u00e1 26 de agosto; la evaluaci\u00f3n ser\u00e1 el 29 de agosto y el fallo ser\u00e1 el 30 de agosto.<\/p>\n","protected":false},"excerpt":{"rendered":"<p>Para el ciclo escolar 2022-2023 la Secretar\u00eda de Educaci\u00f3n P\u00fablica (SEP) habilitar\u00e1 17 rutas diferentes de transporte para maestros en Puebla que ser\u00e1n gratuitas. \u00bfCu\u00e1les son las rutas de transporte para maestros en Puebla? De acuerdo con una licitaci\u00f3n publicada por el gobierno estatal, las rutas de transporte para maestros en Puebla que estar\u00e1n disponibles [&hellip;]<\/p>\n","protected":false},"author":4,"featured_media":12073,"comment_status":"open","ping_status":"open","sticky":false,"template":"","format":"standard","meta":{"om_disable_all_campaigns":false,"_monsterinsights_skip_tracking":false,"_monsterinsights_sitenote_active":false,"_monsterinsights_sitenote_note":"","_monsterinsights_sitenote_category":0,"footnotes":""},"categories":[175],"tags":[195,223],"class_list":["post-12072","post","type-post","status-publish","format-standard","has-post-thumbnail","hentry","category-local","tag-principal","tag-puebla"],"amp_enabled":true,"_links":{"self":[{"href":"https:\/\/lahora.mx\/index.php\/wp-json\/wp\/v2\/posts\/12072","targetHints":{"allow":["GET"]}}],"collection":[{"href":"https:\/\/lahora.mx\/index.php\/wp-json\/wp\/v2\/posts"}],"about":[{"href":"https:\/\/lahora.mx\/index.php\/wp-json\/wp\/v2\/types\/post"}],"author":[{"embeddable":true,"href":"https:\/\/lahora.mx\/index.php\/wp-json\/wp\/v2\/users\/4"}],"replies":[{"embeddable":true,"href":"https:\/\/lahora.mx\/index.php\/wp-json\/wp\/v2\/comments?post=12072"}],"version-history":[{"count":1,"href":"https:\/\/lahora.mx\/index.php\/wp-json\/wp\/v2\/posts\/12072\/revisions"}],"predecessor-version":[{"id":12074,"href":"https:\/\/lahora.mx\/index.php\/wp-json\/wp\/v2\/posts\/12072\/revisions\/12074"}],"wp:featuredmedia":[{"embeddable":true,"href":"https:\/\/lahora.mx\/index.php\/wp-json\/wp\/v2\/media\/12073"}],"wp:attachment":[{"href":"https:\/\/lahora.mx\/index.php\/wp-json\/wp\/v2\/media?parent=12072"}],"wp:term":[{"taxonomy":"category","embeddable":true,"href":"https:\/\/lahora.mx\/index.php\/wp-json\/wp\/v2\/categories?post=12072"},{"taxonomy":"post_tag","embeddable":true,"href":"https:\/\/lahora.mx\/index.php\/wp-json\/wp\/v2\/tags?post=12072"}],"curies":[{"name":"wp","href":"https:\/\/api.w.org\/{rel}","templated":true}]}}