{"id":12057,"date":"2022-08-20T19:43:24","date_gmt":"2022-08-20T19:43:24","guid":{"rendered":"http:\/\/lahora.mx\/?p=12057"},"modified":"2022-08-20T19:43:25","modified_gmt":"2022-08-20T19:43:25","slug":"el-exfiscal-jesus-murillo-karam-comparece-en-el-reclusorio-norte","status":"publish","type":"post","link":"https:\/\/lahora.mx\/index.php\/2022\/08\/20\/el-exfiscal-jesus-murillo-karam-comparece-en-el-reclusorio-norte\/","title":{"rendered":"El exfiscal Jes\u00fas Murillo Karam comparece en el reclusorio Norte"},"content":{"rendered":"\n<p>La ma\u00f1ana de este s\u00e1bado inici\u00f3 poco despu\u00e9s de las 9 de la ma\u00f1ana la audiencia en contra del titular de la Fiscal\u00eda General de la Rep\u00fablica (FGR), Jes\u00fas Murillo Karam en el reclusorio Norte, es acusado de desaparici\u00f3n forzada, tortura y obstrucci\u00f3n de la justicia en el caso Ayotzinapa.<\/p>\n\n\n\n<p>Al exfuncionario lo acompa\u00f1an sus abogados penalistas Elba Marina V\u00e1zquez, Javier L\u00f3pez Garc\u00eda y Antonio L\u00f3pez Ram\u00edrez; fue requerido por el juez de control Marco Antonio Fuerte Tapia y en las siguientes horas se sabr\u00e1 si solicitar\u00e1 la duplicidad del t\u00e9rmino para definir su situaci\u00f3n legal o bien es vinculado a proceso.<\/p>\n\n\n\n<p>A minutos de iniciar la audiencia, el juzgador decret\u00f3 una hora de receso, por solicitud de la defensa que argument\u00f3 desconocer el contenido de la carpeta de investigaci\u00f3n de su defendido.<\/p>\n\n\n\n<p>El exfiscal estuvo a cargo de las primeras investigaciones para dar con los 43 estudiantes normalistas desaparecidos en 2014.<\/p>\n\n\n\n<p>Murillo encabez\u00f3 la fiscal\u00eda general durante la primera mitad de la gesti\u00f3n del expresidente Pe\u00f1a Nieto. En ese tiempo, encabez\u00f3 los esfuerzos del gobierno por resolver lo sucedido, en un hecho que conmocion\u00f3 al pa\u00eds y evidenci\u00f3 el grado de colusi\u00f3n entre autoridades y el crimen organizado.<\/p>\n\n\n\n<p>Expertos independientes encontraron serias fallas en sus conclusiones, que sosten\u00edan que los alumnos de la escuela de la localidad Ayotzinapa, en el estado de Guerrero, hab\u00edan sido incinerados en un basurero por \u00f3rdenes de una banda criminal y que el exfuncionario llam\u00f3 una \u00abverdad hist\u00f3rica\u00bb.<\/p>\n\n\n\n<p>Dar con el paradero de los estudiantes fue una de las promesas de campa\u00f1a del presidente, Andr\u00e9s Manuel L\u00f3pez Obrador, quien relanz\u00f3 las indagatorias tras asumir el cargo en 2018. En el pasado, Murillo ha defendido los hallazgos de su equipo y se ha dicho abierto a ser investigado.<\/p>\n\n\n\n<p>Su detenci\u00f3n, el viernes por la tarde, ocurri\u00f3 un d\u00eda despu\u00e9s de que el subsecretario de Derechos Humanos, Alejandro Encinas, present\u00f3 un informe en el que el actual gobierno por primera vez declar\u00f3 sin vida a los j\u00f3venes y calific\u00f3 los hechos como un crimen de Estado. Las circunstancias y los motivos de su muerte a\u00fan siguen en el aire.<\/p>\n\n\n\n<p>Por la noche, la fiscal\u00eda inform\u00f3 que un juez hab\u00eda emitido 83 \u00f3rdenes de detenci\u00f3n m\u00e1s, contra militares, polic\u00edas, funcionarios de Guerrero y miembros del grupo criminal Guerreros Unidos.<\/p>\n\n\n\n<p>Desde que ocurri\u00f3 la desaparici\u00f3n, familiares de las v\u00edctimas y sus abogados han exigido la detenci\u00f3n de funcionarios acusados de torturas, abusos y de manipular evidencias, entre los cuales se incluye al jefe de la extinta Agencia de Investigaci\u00f3n Criminal Tom\u00e1s Zer\u00f3n, actualmente pr\u00f3fugo.<\/p>\n","protected":false},"excerpt":{"rendered":"<p>La ma\u00f1ana de este s\u00e1bado inici\u00f3 poco despu\u00e9s de las 9 de la ma\u00f1ana la audiencia en contra del titular de la Fiscal\u00eda General de la Rep\u00fablica (FGR), Jes\u00fas Murillo Karam en el reclusorio Norte, es acusado de desaparici\u00f3n forzada, tortura y obstrucci\u00f3n de la justicia en el caso Ayotzinapa. Al exfuncionario lo acompa\u00f1an sus [&hellip;]<\/p>\n","protected":false},"author":4,"featured_media":12058,"comment_status":"open","ping_status":"open","sticky":false,"template":"","format":"standard","meta":{"om_disable_all_campaigns":false,"_monsterinsights_skip_tracking":false,"_monsterinsights_sitenote_active":false,"_monsterinsights_sitenote_note":"","_monsterinsights_sitenote_category":0,"footnotes":""},"categories":[176],"tags":[],"class_list":["post-12057","post","type-post","status-publish","format-standard","has-post-thumbnail","hentry","category-nacional"],"amp_enabled":true,"_links":{"self":[{"href":"https:\/\/lahora.mx\/index.php\/wp-json\/wp\/v2\/posts\/12057","targetHints":{"allow":["GET"]}}],"collection":[{"href":"https:\/\/lahora.mx\/index.php\/wp-json\/wp\/v2\/posts"}],"about":[{"href":"https:\/\/lahora.mx\/index.php\/wp-json\/wp\/v2\/types\/post"}],"author":[{"embeddable":true,"href":"https:\/\/lahora.mx\/index.php\/wp-json\/wp\/v2\/users\/4"}],"replies":[{"embeddable":true,"href":"https:\/\/lahora.mx\/index.php\/wp-json\/wp\/v2\/comments?post=12057"}],"version-history":[{"count":1,"href":"https:\/\/lahora.mx\/index.php\/wp-json\/wp\/v2\/posts\/12057\/revisions"}],"predecessor-version":[{"id":12059,"href":"https:\/\/lahora.mx\/index.php\/wp-json\/wp\/v2\/posts\/12057\/revisions\/12059"}],"wp:featuredmedia":[{"embeddable":true,"href":"https:\/\/lahora.mx\/index.php\/wp-json\/wp\/v2\/media\/12058"}],"wp:attachment":[{"href":"https:\/\/lahora.mx\/index.php\/wp-json\/wp\/v2\/media?parent=12057"}],"wp:term":[{"taxonomy":"category","embeddable":true,"href":"https:\/\/lahora.mx\/index.php\/wp-json\/wp\/v2\/categories?post=12057"},{"taxonomy":"post_tag","embeddable":true,"href":"https:\/\/lahora.mx\/index.php\/wp-json\/wp\/v2\/tags?post=12057"}],"curies":[{"name":"wp","href":"https:\/\/api.w.org\/{rel}","templated":true}]}}