{"id":12028,"date":"2022-08-19T23:28:26","date_gmt":"2022-08-19T23:28:26","guid":{"rendered":"http:\/\/lahora.mx\/?p=12028"},"modified":"2022-08-19T23:28:27","modified_gmt":"2022-08-19T23:28:27","slug":"fiscalia-detiene-a-jesus-murillo-karam-por-desaparicion-forzada-en-caso-ayotzinapa","status":"publish","type":"post","link":"https:\/\/lahora.mx\/index.php\/2022\/08\/19\/fiscalia-detiene-a-jesus-murillo-karam-por-desaparicion-forzada-en-caso-ayotzinapa\/","title":{"rendered":"Fiscal\u00eda detiene a Jesus Murillo Karam por \u00abdesaparici\u00f3n forzada\u00bb en caso Ayotzinapa"},"content":{"rendered":"\n<p>Agentes de Fiscal\u00eda General de la Rep\u00fablica (FGR) cumplieron este viernes la orden de aprehensi\u00f3n solicitada por esta Instituci\u00f3n en contra del exprocurador Jes\u00fas Murillo Karam por los delitos de desaparici\u00f3n forzada, tortura y contra la administraci\u00f3n de justicia, en el caso \u201cAyotzinapa\u201d, detall\u00f3 la dependencia en un comunicado.<\/p>\n\n\n\n<p>Murillo Karam fue detenido en el exterior de su domicilio sin ning\u00fan problema pues el exfuncionario p\u00fablico colabor\u00f3 con los polic\u00edas sin oponer resistencia luego que se le inform\u00f3 sobre el procedimiento que llevaban a cabo.<br><\/p>\n\n\n\n<p>La orden de aprehensi\u00f3n fue otorgada por el Juez de Control del Centro de Justicia Penal Federal en la Ciudad de M\u00e9xico, con sede en el Reclusorio Norte, en contra de Jes\u00fas \u201cM\u201d, dijo la Fiscal\u00eda en su breve comunicado.<\/p>\n\n\n\n<p>Murillo Karam fue trasladado a las instalaciones de la Fiscal\u00eda para las certificaciones correspondientes y ser\u00e1 puesto a disposici\u00f3n de la autoridad judicial, en cumplimiento de la orden de captura se\u00f1alada.<\/p>\n","protected":false},"excerpt":{"rendered":"<p>Agentes de Fiscal\u00eda General de la Rep\u00fablica (FGR) cumplieron este viernes la orden de aprehensi\u00f3n solicitada por esta Instituci\u00f3n en contra del exprocurador Jes\u00fas Murillo Karam por los delitos de desaparici\u00f3n forzada, tortura y contra la administraci\u00f3n de justicia, en el caso \u201cAyotzinapa\u201d, detall\u00f3 la dependencia en un comunicado. Murillo Karam fue detenido en el [&hellip;]<\/p>\n","protected":false},"author":4,"featured_media":12029,"comment_status":"open","ping_status":"open","sticky":false,"template":"","format":"standard","meta":{"om_disable_all_campaigns":false,"_monsterinsights_skip_tracking":false,"_monsterinsights_sitenote_active":false,"_monsterinsights_sitenote_note":"","_monsterinsights_sitenote_category":0,"footnotes":""},"categories":[176],"tags":[195],"class_list":["post-12028","post","type-post","status-publish","format-standard","has-post-thumbnail","hentry","category-nacional","tag-principal"],"amp_enabled":true,"_links":{"self":[{"href":"https:\/\/lahora.mx\/index.php\/wp-json\/wp\/v2\/posts\/12028","targetHints":{"allow":["GET"]}}],"collection":[{"href":"https:\/\/lahora.mx\/index.php\/wp-json\/wp\/v2\/posts"}],"about":[{"href":"https:\/\/lahora.mx\/index.php\/wp-json\/wp\/v2\/types\/post"}],"author":[{"embeddable":true,"href":"https:\/\/lahora.mx\/index.php\/wp-json\/wp\/v2\/users\/4"}],"replies":[{"embeddable":true,"href":"https:\/\/lahora.mx\/index.php\/wp-json\/wp\/v2\/comments?post=12028"}],"version-history":[{"count":1,"href":"https:\/\/lahora.mx\/index.php\/wp-json\/wp\/v2\/posts\/12028\/revisions"}],"predecessor-version":[{"id":12030,"href":"https:\/\/lahora.mx\/index.php\/wp-json\/wp\/v2\/posts\/12028\/revisions\/12030"}],"wp:featuredmedia":[{"embeddable":true,"href":"https:\/\/lahora.mx\/index.php\/wp-json\/wp\/v2\/media\/12029"}],"wp:attachment":[{"href":"https:\/\/lahora.mx\/index.php\/wp-json\/wp\/v2\/media?parent=12028"}],"wp:term":[{"taxonomy":"category","embeddable":true,"href":"https:\/\/lahora.mx\/index.php\/wp-json\/wp\/v2\/categories?post=12028"},{"taxonomy":"post_tag","embeddable":true,"href":"https:\/\/lahora.mx\/index.php\/wp-json\/wp\/v2\/tags?post=12028"}],"curies":[{"name":"wp","href":"https:\/\/api.w.org\/{rel}","templated":true}]}}