{"id":11999,"date":"2022-08-19T21:36:39","date_gmt":"2022-08-19T21:36:39","guid":{"rendered":"http:\/\/lahora.mx\/?p=11999"},"modified":"2022-08-19T21:36:40","modified_gmt":"2022-08-19T21:36:40","slug":"tabasco-veracruz-y-tamaulipas-seran-afectados-por-paso-de-depresion-tropical","status":"publish","type":"post","link":"https:\/\/lahora.mx\/index.php\/2022\/08\/19\/tabasco-veracruz-y-tamaulipas-seran-afectados-por-paso-de-depresion-tropical\/","title":{"rendered":"Tabasco, Veracruz y Tamaulipas ser\u00e1n afectados por paso de depresi\u00f3n tropical"},"content":{"rendered":"\n<p>El Servicio Meteorol\u00f3gico Nacional (SMN), alert\u00f3 sobre un sistema de baja presi\u00f3n en el Oc\u00e9ano Atl\u00e1ntico ubicado frente a las costas de Tabasco y Veracruz, que podr\u00eda alcanzar la categor\u00eda de depresi\u00f3n tropical.<\/p>\n\n\n\n<p>En conferencia de prensa, el SMN dio a conocer que el fen\u00f3meno se desplazar\u00e1 paralelo a las costas de Veracruz con direcci\u00f3n hacia Tamaulipas, provocando lluvias de muy fuertes a puntuales intensas en el sureste, oriente, centro y noreste del pa\u00eds.<\/p>\n\n\n\n<p>De acuerdo con los pron\u00f3sticos, de continuar movi\u00e9ndose al noroeste, el sistema entrar\u00e1 sobre la parte central de Tamaulipas, durante la tarde-noche del s\u00e1bado, y continuar\u00e1 avanzando hacia Nuevo Le\u00f3n y Coahuila.<\/p>\n\n\n\n<p>Para ma\u00f1ana se esperan rachas de viento de 50 a 60 kil\u00f3metros por hora en Tamaulipas y Nuevo Le\u00f3n, con oleaje de uno a tres metros de altura sobre las costas de Tamaulipas.<\/p>\n\n\n\n<p>La Coordinaci\u00f3n Nacional de Protecci\u00f3n Civil mantiene comunicaci\u00f3n permanente con autoridades de Tabasco, Veracruz y Tamaulipas, con el fin de evitar riesgos a la poblaci\u00f3n.<\/p>\n\n\n\n<p>La recomendaci\u00f3n es que durante el paso del sistema no salga de sus viviendas y, en caso de vivir en una zona que se haya inundado anteriormente o sea considerada de riesgo (principalmente por laderas inestables), acuda a alguno de los m\u00e1s de tres mil 100 refugios temporales que se podr\u00edan habilitar en caso de ser necesario en Tabasco, Tamaulipas y Veracruz.<\/p>\n","protected":false},"excerpt":{"rendered":"<p>El Servicio Meteorol\u00f3gico Nacional (SMN), alert\u00f3 sobre un sistema de baja presi\u00f3n en el Oc\u00e9ano Atl\u00e1ntico ubicado frente a las costas de Tabasco y Veracruz, que podr\u00eda alcanzar la categor\u00eda de depresi\u00f3n tropical. En conferencia de prensa, el SMN dio a conocer que el fen\u00f3meno se desplazar\u00e1 paralelo a las costas de Veracruz con direcci\u00f3n [&hellip;]<\/p>\n","protected":false},"author":4,"featured_media":12001,"comment_status":"open","ping_status":"open","sticky":false,"template":"","format":"standard","meta":{"om_disable_all_campaigns":false,"_monsterinsights_skip_tracking":false,"_monsterinsights_sitenote_active":false,"_monsterinsights_sitenote_note":"","_monsterinsights_sitenote_category":0,"footnotes":""},"categories":[176],"tags":[195],"class_list":["post-11999","post","type-post","status-publish","format-standard","has-post-thumbnail","hentry","category-nacional","tag-principal"],"amp_enabled":true,"_links":{"self":[{"href":"https:\/\/lahora.mx\/index.php\/wp-json\/wp\/v2\/posts\/11999","targetHints":{"allow":["GET"]}}],"collection":[{"href":"https:\/\/lahora.mx\/index.php\/wp-json\/wp\/v2\/posts"}],"about":[{"href":"https:\/\/lahora.mx\/index.php\/wp-json\/wp\/v2\/types\/post"}],"author":[{"embeddable":true,"href":"https:\/\/lahora.mx\/index.php\/wp-json\/wp\/v2\/users\/4"}],"replies":[{"embeddable":true,"href":"https:\/\/lahora.mx\/index.php\/wp-json\/wp\/v2\/comments?post=11999"}],"version-history":[{"count":1,"href":"https:\/\/lahora.mx\/index.php\/wp-json\/wp\/v2\/posts\/11999\/revisions"}],"predecessor-version":[{"id":12002,"href":"https:\/\/lahora.mx\/index.php\/wp-json\/wp\/v2\/posts\/11999\/revisions\/12002"}],"wp:featuredmedia":[{"embeddable":true,"href":"https:\/\/lahora.mx\/index.php\/wp-json\/wp\/v2\/media\/12001"}],"wp:attachment":[{"href":"https:\/\/lahora.mx\/index.php\/wp-json\/wp\/v2\/media?parent=11999"}],"wp:term":[{"taxonomy":"category","embeddable":true,"href":"https:\/\/lahora.mx\/index.php\/wp-json\/wp\/v2\/categories?post=11999"},{"taxonomy":"post_tag","embeddable":true,"href":"https:\/\/lahora.mx\/index.php\/wp-json\/wp\/v2\/tags?post=11999"}],"curies":[{"name":"wp","href":"https:\/\/api.w.org\/{rel}","templated":true}]}}