{"id":11968,"date":"2022-08-19T17:56:24","date_gmt":"2022-08-19T17:56:24","guid":{"rendered":"http:\/\/lahora.mx\/?p=11968"},"modified":"2022-08-19T18:02:30","modified_gmt":"2022-08-19T18:02:30","slug":"tras-detencion-de-lider-criminal-la-vaca-se-desata-el-caos-en-colima","status":"publish","type":"post","link":"https:\/\/lahora.mx\/index.php\/2022\/08\/19\/tras-detencion-de-lider-criminal-la-vaca-se-desata-el-caos-en-colima\/","title":{"rendered":"Tras detenci\u00f3n de l\u00edder criminal \u201cLa Vaca\u201d se desata el caos en Colima"},"content":{"rendered":"\n<p>Se desat\u00f3 una jornada de violencia en Colima la madrugada de este viernes, pues tras la detenci\u00f3n de Jos\u00e9 Bernab\u00e9 Brizuela alias \u201cLa Vaca\u201d, l\u00edder de Los Mezcales o C\u00e1rtel Independiente se reportaron balaceras y varios veh\u00edculos quemados.<\/p>\n\n\n\n<p>Autoridades estatales informaron que se registr\u00f3 la quema de siete veh\u00edculos, as\u00ed como el ataque a tiros a una tienda de conveniencia Kiosko en la zona conurbada de Colima y Villa de \u00c1lvarez, el cual no dej\u00f3 heridos, sin embargo, se desplegaron elementos de seguridad municipal, estatal y la Guardia Nacional.<\/p>\n\n\n\n<p>A trav\u00e9s de redes sociales se difundieron varios videos de los ataques, los cuales fueron grabados desde veh\u00edculos en movimiento o desde sus hogares, por lo que condenaron los ataques y la situaci\u00f3n de inseguridad en la regi\u00f3n.<\/p>\n\n\n\n<p>La Secretar\u00eda de Seguridad Ciudadana (SSC) en coordinaci\u00f3n con la Secretar\u00eda de la Defensa Nacional (Sedena), detuvieron a \u00abLa Vaca\u00bb o \u00abLa Bestia\u201d en las inmediaciones de un hotel ubicado en la alcald\u00eda Miguel Hidalgo de la Ciudad de M\u00e9xico en posesi\u00f3n de un arma de fuego y diversas dosis de narc\u00f3ticos.<br>\u201cLa Vaca\u201d es identificado como l\u00edder del grupo delictivo \u201cLos Mezcales\u201d o \u00abC\u00e1rtel Independiente de Colima\u00bb principal generador de violencia en el estado, debido al conflicto que tiene con el C\u00e1rtel Jalisco Nueva Generaci\u00f3n (CJNG), aunque mantiene operaciones en Michoac\u00e1n y Baja California.<\/p>\n\n\n\n<p>Tras el anuncio de la captura del capo en la capital del pa\u00eds, la gobernadora de Colima Indira Vizca\u00edno Silva, inform\u00f3 que ya hay detenidos por los incendios realizados durante la madrugada.<\/p>\n\n\n\n<p>Asimismo, indic\u00f3 que las corporaciones de seguridad de los tres niveles de gobierno se mantienen alertas y en coordinaci\u00f3n ante las posibles reacciones del grupo delictivo, por lo que asegur\u00f3 la seguridad de los ciudadanos pese a la violencia en Colima por la detenci\u00f3n de \u201cLa Vaca\u201d.<\/p>\n","protected":false},"excerpt":{"rendered":"<p>Se desat\u00f3 una jornada de violencia en Colima la madrugada de este viernes, pues tras la detenci\u00f3n de Jos\u00e9 Bernab\u00e9 Brizuela alias \u201cLa Vaca\u201d, l\u00edder de Los Mezcales o C\u00e1rtel Independiente se reportaron balaceras y varios veh\u00edculos quemados. Autoridades estatales informaron que se registr\u00f3 la quema de siete veh\u00edculos, as\u00ed como el ataque a tiros [&hellip;]<\/p>\n","protected":false},"author":4,"featured_media":11969,"comment_status":"open","ping_status":"open","sticky":false,"template":"","format":"standard","meta":{"om_disable_all_campaigns":false,"_monsterinsights_skip_tracking":false,"_monsterinsights_sitenote_active":false,"_monsterinsights_sitenote_note":"","_monsterinsights_sitenote_category":0,"footnotes":""},"categories":[176],"tags":[195],"class_list":["post-11968","post","type-post","status-publish","format-standard","has-post-thumbnail","hentry","category-nacional","tag-principal"],"amp_enabled":true,"_links":{"self":[{"href":"https:\/\/lahora.mx\/index.php\/wp-json\/wp\/v2\/posts\/11968","targetHints":{"allow":["GET"]}}],"collection":[{"href":"https:\/\/lahora.mx\/index.php\/wp-json\/wp\/v2\/posts"}],"about":[{"href":"https:\/\/lahora.mx\/index.php\/wp-json\/wp\/v2\/types\/post"}],"author":[{"embeddable":true,"href":"https:\/\/lahora.mx\/index.php\/wp-json\/wp\/v2\/users\/4"}],"replies":[{"embeddable":true,"href":"https:\/\/lahora.mx\/index.php\/wp-json\/wp\/v2\/comments?post=11968"}],"version-history":[{"count":2,"href":"https:\/\/lahora.mx\/index.php\/wp-json\/wp\/v2\/posts\/11968\/revisions"}],"predecessor-version":[{"id":11971,"href":"https:\/\/lahora.mx\/index.php\/wp-json\/wp\/v2\/posts\/11968\/revisions\/11971"}],"wp:featuredmedia":[{"embeddable":true,"href":"https:\/\/lahora.mx\/index.php\/wp-json\/wp\/v2\/media\/11969"}],"wp:attachment":[{"href":"https:\/\/lahora.mx\/index.php\/wp-json\/wp\/v2\/media?parent=11968"}],"wp:term":[{"taxonomy":"category","embeddable":true,"href":"https:\/\/lahora.mx\/index.php\/wp-json\/wp\/v2\/categories?post=11968"},{"taxonomy":"post_tag","embeddable":true,"href":"https:\/\/lahora.mx\/index.php\/wp-json\/wp\/v2\/tags?post=11968"}],"curies":[{"name":"wp","href":"https:\/\/api.w.org\/{rel}","templated":true}]}}