{"id":11953,"date":"2022-08-19T01:16:00","date_gmt":"2022-08-19T01:16:00","guid":{"rendered":"http:\/\/lahora.mx\/?p=11953"},"modified":"2022-08-19T01:16:01","modified_gmt":"2022-08-19T01:16:01","slug":"no-hay-indicios-de-que-normalistas-esten-con-vida-en-el-caso-ayotzinapa-encinas","status":"publish","type":"post","link":"https:\/\/lahora.mx\/index.php\/2022\/08\/19\/no-hay-indicios-de-que-normalistas-esten-con-vida-en-el-caso-ayotzinapa-encinas\/","title":{"rendered":"No hay indicios de que normalistas est\u00e9n con vida en el caso Ayotzinapa: Encinas"},"content":{"rendered":"\n<p>Al presentar los avances en la investigaci\u00f3n sobre el caso Ayotzinapa, el subsecretario Alejandro Encinas asegur\u00f3 que no hay indicios de que los 43 normalistas est\u00e9n con vida e incluso record\u00f3 que la Universidad de Innsbruck, en Austria, identific\u00f3 a tres de ellos a trav\u00e9s del an\u00e1lisis de restos \u00f3seos recuperados durante diversas diligencias en Guerrero.<\/p>\n\n\n\n<p>\u201cFue una reuni\u00f3n dif\u00edcil, dolorosa (\u2026), un compromiso es que siempre les vamos a decir la verdad por dolorosa que esta sea\u201d, dijo Encinas sobre el encuentro con los padres de los estudiantes para darles a conocer los pormenores de la investigaci\u00f3n.<\/p>\n\n\n\n<p>Asegur\u00f3 que la desaparici\u00f3n de los 43 estudiantes la noche del 26 y 27 de septiembre de 2014 constituy\u00f3 un crimen de Estado en el que participaron no s\u00f3lo integrantes de Guerreros Unidos, sino tambi\u00e9n polic\u00edas de diversos municipios como Iguala y Huitzuco.<br><\/p>\n\n\n\n<p>Adem\u00e1s, revel\u00f3 que autoridades federales y estatales fueron omisas y negligentes al alterar hechos y circunstancias para establecer una conclusi\u00f3n ajena a la verdad de lo que ocurri\u00f3 y dijo que en todo momento \u00e9stas e incluso las municipales tuvieron conocimiento de la movilizaci\u00f3n de los estudiantes desde que salieron de la escuela hasta su desaparici\u00f3n.<\/p>\n\n\n\n<p>\u201cSus acciones, omisiones y participaci\u00f3n permitieron la desaparici\u00f3n y ejecuci\u00f3n de estudiantes, as\u00ed como el homicidio de otras seis personas\u201d, puntualiz\u00f3.<\/p>\n\n\n\n<p>De las investigaciones que han realizado, Encinas afirm\u00f3 que en ning\u00fan momento la presencia de los estudiantes en Iguala era con el objetivo de boicotear el evento de la entonces presidenta municipal del DIF, Mar\u00eda de los \u00c1ngeles Pineda Villa, quien se encuentra actualmente en prisi\u00f3n junto a su esposo el exalcalde Jos\u00e9 Luis Abarca.<\/p>\n\n\n\n<p>Explic\u00f3 que el d\u00eda de los hechos, Guerreros Unidos actu\u00f3 con un gran n\u00famero de sicarios y halcones a partir de un mando central y al menos tres c\u00e9lulas con apoyo de polic\u00edas municipales y agentes del estado.<\/p>\n","protected":false},"excerpt":{"rendered":"<p>Al presentar los avances en la investigaci\u00f3n sobre el caso Ayotzinapa, el subsecretario Alejandro Encinas asegur\u00f3 que no hay indicios de que los 43 normalistas est\u00e9n con vida e incluso record\u00f3 que la Universidad de Innsbruck, en Austria, identific\u00f3 a tres de ellos a trav\u00e9s del an\u00e1lisis de restos \u00f3seos recuperados durante diversas diligencias en [&hellip;]<\/p>\n","protected":false},"author":4,"featured_media":11954,"comment_status":"open","ping_status":"open","sticky":false,"template":"","format":"standard","meta":{"om_disable_all_campaigns":false,"_monsterinsights_skip_tracking":false,"_monsterinsights_sitenote_active":false,"_monsterinsights_sitenote_note":"","_monsterinsights_sitenote_category":0,"footnotes":""},"categories":[176],"tags":[],"class_list":["post-11953","post","type-post","status-publish","format-standard","has-post-thumbnail","hentry","category-nacional"],"amp_enabled":true,"_links":{"self":[{"href":"https:\/\/lahora.mx\/index.php\/wp-json\/wp\/v2\/posts\/11953","targetHints":{"allow":["GET"]}}],"collection":[{"href":"https:\/\/lahora.mx\/index.php\/wp-json\/wp\/v2\/posts"}],"about":[{"href":"https:\/\/lahora.mx\/index.php\/wp-json\/wp\/v2\/types\/post"}],"author":[{"embeddable":true,"href":"https:\/\/lahora.mx\/index.php\/wp-json\/wp\/v2\/users\/4"}],"replies":[{"embeddable":true,"href":"https:\/\/lahora.mx\/index.php\/wp-json\/wp\/v2\/comments?post=11953"}],"version-history":[{"count":1,"href":"https:\/\/lahora.mx\/index.php\/wp-json\/wp\/v2\/posts\/11953\/revisions"}],"predecessor-version":[{"id":11955,"href":"https:\/\/lahora.mx\/index.php\/wp-json\/wp\/v2\/posts\/11953\/revisions\/11955"}],"wp:featuredmedia":[{"embeddable":true,"href":"https:\/\/lahora.mx\/index.php\/wp-json\/wp\/v2\/media\/11954"}],"wp:attachment":[{"href":"https:\/\/lahora.mx\/index.php\/wp-json\/wp\/v2\/media?parent=11953"}],"wp:term":[{"taxonomy":"category","embeddable":true,"href":"https:\/\/lahora.mx\/index.php\/wp-json\/wp\/v2\/categories?post=11953"},{"taxonomy":"post_tag","embeddable":true,"href":"https:\/\/lahora.mx\/index.php\/wp-json\/wp\/v2\/tags?post=11953"}],"curies":[{"name":"wp","href":"https:\/\/api.w.org\/{rel}","templated":true}]}}