{"id":11925,"date":"2022-08-19T00:46:36","date_gmt":"2022-08-19T00:46:36","guid":{"rendered":"http:\/\/lahora.mx\/?p=11925"},"modified":"2022-08-19T00:46:37","modified_gmt":"2022-08-19T00:46:37","slug":"el-empleo-informal-retoma-ritmo-de-crecimiento","status":"publish","type":"post","link":"https:\/\/lahora.mx\/index.php\/2022\/08\/19\/el-empleo-informal-retoma-ritmo-de-crecimiento\/","title":{"rendered":"El empleo informal retoma ritmo de crecimiento"},"content":{"rendered":"\n<p>La tasa de informalidad laboral durante el segundo trimestre del a\u00f1o fue de 55.7%, un nuevo aumento despu\u00e9s de dos trimestres de registrar un descenso en el acumulado. La tasa de desocupaci\u00f3n, por su parte, ya se encuentra por debajo de lo reportado antes del impacto de la pandemia.<br>Por cada empleo formal que se cre\u00f3 en el segundo trimestre del a\u00f1o, otras tres plazas se abrieron en la econom\u00eda informal. De esta manera, la tasa de informalidad laboral subi\u00f3 a 55.7% de la poblaci\u00f3n ocupada, un nuevo aumento despu\u00e9s de dos trimestres en descenso.<\/p>\n\n\n\n<p>De acuerdo con la Encuesta Nacional de Ocupaci\u00f3n y Empleo (ENOE), entre abril y junio de este a\u00f1o se crearon 1.3 millones de trabajos, el 77% de \u00e9stos fueron en el mercado informal. As\u00ed, la poblaci\u00f3n que labora sin contrato, prestaciones y acceso a seguridad social sum\u00f3 a 32 millones de personas, la cifra trimestral m\u00e1s alta de la que se tiene registro.<br><\/p>\n\n\n\n<p>Los datos positivos de generaci\u00f3n de empleo reportados por el Instituto Nacional de Estad\u00edstica y Geograf\u00eda (Inegi) para el segundo trimestre del a\u00f1o permitieron que la tasa de desocupaci\u00f3n se ubicara en 3.2%, lejos del nivel de 4.2% reportado en el mismo periodo del 2021 y por primera vez por debajo de lo reportado para el cierre de 2019, antes del impacto de la pandemia, cuando fue de 3.4 por ciento.<\/p>\n\n\n\n<p>Sin embargo, al considerar a las personas inactivas pero disponibles para trabajar, la tasa de desempleo extendida fue de 14.8% entre abril y junio, cifra que todav\u00eda se mantiene por arriba del 12.6% reportado para el cuarto trimestre de 2019.<br>Por actividades econ\u00f3micas, la industria y los servicios tienen registros de empleo superiores a los observados antes del impacto de la emergencia sanitaria por la Covid-19. En tanto, el sector agropecuario no ha logrado una recuperaci\u00f3n total y se encuentra 44,744 plazas por debajo, pese a haber sido considerado un sector esencial de la econom\u00eda que no se detuvo.<\/p>\n","protected":false},"excerpt":{"rendered":"<p>La tasa de informalidad laboral durante el segundo trimestre del a\u00f1o fue de 55.7%, un nuevo aumento despu\u00e9s de dos trimestres de registrar un descenso en el acumulado. La tasa de desocupaci\u00f3n, por su parte, ya se encuentra por debajo de lo reportado antes del impacto de la pandemia.Por cada empleo formal que se cre\u00f3 [&hellip;]<\/p>\n","protected":false},"author":4,"featured_media":11926,"comment_status":"open","ping_status":"open","sticky":false,"template":"","format":"standard","meta":{"om_disable_all_campaigns":false,"_monsterinsights_skip_tracking":false,"_monsterinsights_sitenote_active":false,"_monsterinsights_sitenote_note":"","_monsterinsights_sitenote_category":0,"footnotes":""},"categories":[176],"tags":[29,195],"class_list":["post-11925","post","type-post","status-publish","format-standard","has-post-thumbnail","hentry","category-nacional","tag-business","tag-principal"],"amp_enabled":true,"_links":{"self":[{"href":"https:\/\/lahora.mx\/index.php\/wp-json\/wp\/v2\/posts\/11925","targetHints":{"allow":["GET"]}}],"collection":[{"href":"https:\/\/lahora.mx\/index.php\/wp-json\/wp\/v2\/posts"}],"about":[{"href":"https:\/\/lahora.mx\/index.php\/wp-json\/wp\/v2\/types\/post"}],"author":[{"embeddable":true,"href":"https:\/\/lahora.mx\/index.php\/wp-json\/wp\/v2\/users\/4"}],"replies":[{"embeddable":true,"href":"https:\/\/lahora.mx\/index.php\/wp-json\/wp\/v2\/comments?post=11925"}],"version-history":[{"count":1,"href":"https:\/\/lahora.mx\/index.php\/wp-json\/wp\/v2\/posts\/11925\/revisions"}],"predecessor-version":[{"id":11927,"href":"https:\/\/lahora.mx\/index.php\/wp-json\/wp\/v2\/posts\/11925\/revisions\/11927"}],"wp:featuredmedia":[{"embeddable":true,"href":"https:\/\/lahora.mx\/index.php\/wp-json\/wp\/v2\/media\/11926"}],"wp:attachment":[{"href":"https:\/\/lahora.mx\/index.php\/wp-json\/wp\/v2\/media?parent=11925"}],"wp:term":[{"taxonomy":"category","embeddable":true,"href":"https:\/\/lahora.mx\/index.php\/wp-json\/wp\/v2\/categories?post=11925"},{"taxonomy":"post_tag","embeddable":true,"href":"https:\/\/lahora.mx\/index.php\/wp-json\/wp\/v2\/tags?post=11925"}],"curies":[{"name":"wp","href":"https:\/\/api.w.org\/{rel}","templated":true}]}}