{"id":1192,"date":"2022-01-04T23:31:56","date_gmt":"2022-01-04T23:31:56","guid":{"rendered":"http:\/\/lahora.mx\/?p=1192"},"modified":"2022-01-04T23:31:56","modified_gmt":"2022-01-04T23:31:56","slug":"instalan-157-comites-vecinales-en-juntas-ayuntamiento-de-puebla","status":"publish","type":"post","link":"https:\/\/lahora.mx\/index.php\/2022\/01\/04\/instalan-157-comites-vecinales-en-juntas-ayuntamiento-de-puebla\/","title":{"rendered":"Instalan 157 comit\u00e9s vecinales en juntas : Ayuntamiento de Puebla"},"content":{"rendered":"<p>Con el objetivo de atender las principales necesidades de los ciudadanos, el ayuntamiento de Puebla a cargo de Eduardo Rivera P\u00e9rez, ha instalado 157 comit\u00e9s vecinales de participaci\u00f3n ciudadana\u00a0en diferentes juntas auxiliares.<br \/>\nEn rueda de prensa, el titular de la Secretar\u00eda de Bienestar, Mat\u00edas Rivero Marines, inform\u00f3 que de los 157 comit\u00e9s vecinales, 74 se ubican en la zona norte y 83 se encuentran en el sur de la ciudad, pues la meta para el primer a\u00f1o de gobierno es crear mil 200 comit\u00e9s.<br \/>\nApunt\u00f3 que los comit\u00e9s se instalaron en San Jer\u00f3nimo Caleras, San Baltazar Tetela,\u00a0 Ignacio Zaragoza santo Tom\u00e1s Chautla y San Francisco Totimehuacan<br \/>\nIndic\u00f3 que hay participaci\u00f3n en rubros como deporte, prevenci\u00f3n del delito, viveros y huertos, movilidad, salud, servicios p\u00fablicos y protecci\u00f3n civil.<br \/>\nRivero Marines se\u00f1al\u00f3 que las principales peticiones que le hacen llegar los ciudadanos son para atender asuntos de seguridad, infraestructura, servicios p\u00fablicos y \u00e1reas verdes \u00a0los cuales ser\u00e1n atendidos en el transcurso de la administraci\u00f3n.<br \/>\n\u00abLos comit\u00e9s vecinales tienen peticiones en obra p\u00fablica. Hemos estamos recibiendo las diferentes solicitudes y las estamos recopilando y conjuntamente con Infraestructura estamos cruzando en donde est\u00e1 el calendario de obra y en d\u00f3nde coincide con las peticiones espec\u00edficas\u00bb, dijo el titular de Bienestar.<\/p>\n","protected":false},"excerpt":{"rendered":"<p>Con el objetivo de atender las principales necesidades de los ciudadanos, el ayuntamiento de Puebla a cargo de Eduardo Rivera P\u00e9rez, ha instalado 157 comit\u00e9s vecinales de participaci\u00f3n ciudadana\u00a0en diferentes juntas auxiliares. En rueda de prensa, el titular de la Secretar\u00eda de Bienestar, Mat\u00edas Rivero Marines, inform\u00f3 que de los 157 comit\u00e9s vecinales, 74 se [&hellip;]<\/p>\n","protected":false},"author":4,"featured_media":1193,"comment_status":"open","ping_status":"open","sticky":false,"template":"","format":"standard","meta":{"om_disable_all_campaigns":false,"_monsterinsights_skip_tracking":false,"_monsterinsights_sitenote_active":false,"_monsterinsights_sitenote_note":"","_monsterinsights_sitenote_category":0,"footnotes":""},"categories":[175],"tags":[],"class_list":["post-1192","post","type-post","status-publish","format-standard","has-post-thumbnail","hentry","category-local"],"amp_enabled":true,"_links":{"self":[{"href":"https:\/\/lahora.mx\/index.php\/wp-json\/wp\/v2\/posts\/1192","targetHints":{"allow":["GET"]}}],"collection":[{"href":"https:\/\/lahora.mx\/index.php\/wp-json\/wp\/v2\/posts"}],"about":[{"href":"https:\/\/lahora.mx\/index.php\/wp-json\/wp\/v2\/types\/post"}],"author":[{"embeddable":true,"href":"https:\/\/lahora.mx\/index.php\/wp-json\/wp\/v2\/users\/4"}],"replies":[{"embeddable":true,"href":"https:\/\/lahora.mx\/index.php\/wp-json\/wp\/v2\/comments?post=1192"}],"version-history":[{"count":1,"href":"https:\/\/lahora.mx\/index.php\/wp-json\/wp\/v2\/posts\/1192\/revisions"}],"predecessor-version":[{"id":1194,"href":"https:\/\/lahora.mx\/index.php\/wp-json\/wp\/v2\/posts\/1192\/revisions\/1194"}],"wp:featuredmedia":[{"embeddable":true,"href":"https:\/\/lahora.mx\/index.php\/wp-json\/wp\/v2\/media\/1193"}],"wp:attachment":[{"href":"https:\/\/lahora.mx\/index.php\/wp-json\/wp\/v2\/media?parent=1192"}],"wp:term":[{"taxonomy":"category","embeddable":true,"href":"https:\/\/lahora.mx\/index.php\/wp-json\/wp\/v2\/categories?post=1192"},{"taxonomy":"post_tag","embeddable":true,"href":"https:\/\/lahora.mx\/index.php\/wp-json\/wp\/v2\/tags?post=1192"}],"curies":[{"name":"wp","href":"https:\/\/api.w.org\/{rel}","templated":true}]}}