{"id":11903,"date":"2022-08-18T16:49:05","date_gmt":"2022-08-18T16:49:05","guid":{"rendered":"http:\/\/lahora.mx\/?p=11903"},"modified":"2022-08-18T16:49:06","modified_gmt":"2022-08-18T16:49:06","slug":"mexicanos-frustrados-en-el-costo-diario-de-vivir","status":"publish","type":"post","link":"https:\/\/lahora.mx\/index.php\/2022\/08\/18\/mexicanos-frustrados-en-el-costo-diario-de-vivir\/","title":{"rendered":"Mexicanos frustrados en el costo diario de vivir"},"content":{"rendered":"\n<p>La principal preocupaci\u00f3n de los mexicanos es el cos\u00adto de la vida, por lo cual 68% ya s\u00f3lo compra productos esenciales, revel\u00f3 el estudio EY Future Consumer Index: perspectivas del consumidor postcovid-19.<\/p>\n\n\n\n<p>N\u00famero uno: costo de gas, agua, luego los produc\u00adtos b\u00e1sicos del hogar, los co\u00admestibles\u201d, indic\u00f3 Francisco Olivares, socio l\u00edder del seg\u00admento de Consumo de EY Latinoam\u00e9rica Norte.<\/p>\n\n\n\n<p>Seg\u00fan la encuesta, 15% de los mexicanos conside\u00adra que lo m\u00e1s importante en este momento es la asequi\u00adbilidad de los productos. De ellos, 71% opina que el precio se convertir\u00e1 en un criterio de compra importante en los siguientes meses, mientras que 68% est\u00e1 comprando so\u00adlamente lo esencial.<br><\/p>\n\n\n\n<p>Los mexicanos est\u00e1n pre\u00adocupados por la econom\u00eda y est\u00e1n pensando en ahorrar, antes que en gastar, princi\u00adpalmente porque algunos perdieron el empleo durante la pandemia.<\/p>\n\n\n\n<p>Olivares agreg\u00f3 que los mexicanos no esperan que la econom\u00eda se recupere en los siguientes 12 meses, cifra si\u00admilar al promedio mundial.<\/p>\n\n\n\n<p>MEXICANOS, CON EL CINTUR\u00d3N EN EL CUELLO<br>El costo de la vida es la princi\u00adpal preocupaci\u00f3n de los mexi\u00adcanos, por lo cual 68% de los consumidores solamente est\u00e1 gastando en lo esencial, reve\u00adl\u00f3 el estudio EY Future Con\u00adsumer Index: perspectivas del consumidor postcovid-19.<\/p>\n\n\n\n<p>Lo que m\u00e1s preocupa hoy a los consumidores es el cos\u00adto de vida y el tema de costo de la salud. N\u00famero uno: cos\u00adto de gas, agua, luego los pro\u00adductos b\u00e1sicos del hogar, los comestibles\u201d, consider\u00f3 Fran\u00adcisco Olivares, socio l\u00edder del segmento de Consumo de EY Latinoam\u00e9rica Norte.<\/p>\n\n\n\n<p>Olivares destac\u00f3 que, se\u00adg\u00fan la encuesta de EY, el 15% de los mexicanos conside\u00adra que lo m\u00e1s importante en este momento es la asequi\u00adbilidad de los productos. En\u00adtre esos consumidores el 71% opina que el precio se conver\u00adtir\u00e1 en un criterio de compra importante en los siguientes meses; 68% est\u00e1 comprando solamente lo esencial y 64% es m\u00e1s cauteloso con el gasto.<\/p>\n\n\n\n<p>Los mexicanos est\u00e1n pre\u00adocupados por la econom\u00eda y est\u00e1n pensando en ahorrar, antes que en gastar, princi\u00adpalmente porque algunos perdieron el empleo duran\u00adte la pandemia, lo que afec\u00adt\u00f3 fuertemente sus bolsillos, y no quieren volver a experi\u00admentar una situaci\u00f3n similar.<br><\/p>\n\n\n\n<p>PESIMISTAS A CORTO PLAZO<\/p>\n\n\n\n<p>Seg\u00fan Olivares, en los siguien\u00adtes 12 meses los mexicanos no esperan que la econom\u00eda se recupere, cifra similar al pro\u00admedio mundial. Adem\u00e1s, 42% est\u00e1 preocupado por no poder disfrutar de la vida al m\u00e1ximo el pr\u00f3ximo a\u00f1o, contra 39% del resto del mundo.<\/p>\n\n\n\n<p>Por otro lado, a los mexica\u00adnos les preocupa m\u00e1s que la guerra de Ucrania se extienda a todo el mundo, que a los ha\u00adbitantes de otros pa\u00edses.<\/p>\n\n\n\n<p>PERO SOMOS AMBIENTALISTAS<br>De acuerdo con el estu\u00addio de EY, para el 28% de los mexicanos el planeta es primero, el 92% lleva bol\u00adsas reutilizables a las tien\u00addas y 88% recicla envases, sin embargo no est\u00e1n tan dispuestos a gastar m\u00e1s en productos sostenibles pues para el 71% los precios son una barrera.<\/p>\n\n\n\n<p>Los mexicanos est\u00e1n en\u00adtre los consumidores m\u00e1s preocupados por el me\u00addio ambiente, por encima de los habitantes de pa\u00edses como Finlandia o Estados Unidos.<\/p>\n\n\n\n<p>Entre los mexicanos m\u00e1s preocupados por el medio ambiente est\u00e1n los Millen\u00adnials y los de la Generaci\u00f3n Z y la Generaci\u00f3n X, mien\u00adtras que, para los Baby Boomers lo primero es la salud.<\/p>\n","protected":false},"excerpt":{"rendered":"<p>La principal preocupaci\u00f3n de los mexicanos es el cos\u00adto de la vida, por lo cual 68% ya s\u00f3lo compra productos esenciales, revel\u00f3 el estudio EY Future Consumer Index: perspectivas del consumidor postcovid-19. N\u00famero uno: costo de gas, agua, luego los produc\u00adtos b\u00e1sicos del hogar, los co\u00admestibles\u201d, indic\u00f3 Francisco Olivares, socio l\u00edder del seg\u00admento de Consumo [&hellip;]<\/p>\n","protected":false},"author":4,"featured_media":11904,"comment_status":"open","ping_status":"open","sticky":false,"template":"","format":"standard","meta":{"om_disable_all_campaigns":false,"_monsterinsights_skip_tracking":false,"_monsterinsights_sitenote_active":false,"_monsterinsights_sitenote_note":"","_monsterinsights_sitenote_category":0,"footnotes":""},"categories":[3,176],"tags":[56],"class_list":["post-11903","post","type-post","status-publish","format-standard","has-post-thumbnail","hentry","category-entretenimiento","category-nacional","tag-entertainment"],"amp_enabled":true,"_links":{"self":[{"href":"https:\/\/lahora.mx\/index.php\/wp-json\/wp\/v2\/posts\/11903","targetHints":{"allow":["GET"]}}],"collection":[{"href":"https:\/\/lahora.mx\/index.php\/wp-json\/wp\/v2\/posts"}],"about":[{"href":"https:\/\/lahora.mx\/index.php\/wp-json\/wp\/v2\/types\/post"}],"author":[{"embeddable":true,"href":"https:\/\/lahora.mx\/index.php\/wp-json\/wp\/v2\/users\/4"}],"replies":[{"embeddable":true,"href":"https:\/\/lahora.mx\/index.php\/wp-json\/wp\/v2\/comments?post=11903"}],"version-history":[{"count":1,"href":"https:\/\/lahora.mx\/index.php\/wp-json\/wp\/v2\/posts\/11903\/revisions"}],"predecessor-version":[{"id":11905,"href":"https:\/\/lahora.mx\/index.php\/wp-json\/wp\/v2\/posts\/11903\/revisions\/11905"}],"wp:featuredmedia":[{"embeddable":true,"href":"https:\/\/lahora.mx\/index.php\/wp-json\/wp\/v2\/media\/11904"}],"wp:attachment":[{"href":"https:\/\/lahora.mx\/index.php\/wp-json\/wp\/v2\/media?parent=11903"}],"wp:term":[{"taxonomy":"category","embeddable":true,"href":"https:\/\/lahora.mx\/index.php\/wp-json\/wp\/v2\/categories?post=11903"},{"taxonomy":"post_tag","embeddable":true,"href":"https:\/\/lahora.mx\/index.php\/wp-json\/wp\/v2\/tags?post=11903"}],"curies":[{"name":"wp","href":"https:\/\/api.w.org\/{rel}","templated":true}]}}